{"id":2836,"date":"2019-07-08T14:18:52","date_gmt":"2019-07-08T13:18:52","guid":{"rendered":"https:\/\/swissmig.wordpress.com\/?p=2836"},"modified":"2019-07-08T14:18:52","modified_gmt":"2019-07-08T13:18:52","slug":"le-temps-dune-demande-familles-de-requerants-dasile-au-centre-daccueil-de-courrendlin-jura","status":"publish","type":"post","link":"https:\/\/swissmig.unine.ch\/?p=2836","title":{"rendered":"Le temps d&#8217;une demande: familles de requ\u00e9rants d&#8217;asile au Centre d&#8217;accueil de Courrendlin, Jura"},"content":{"rendered":"<h3>Author(s) : Bertrand Cottet<\/h3>\n<h3>Source : <a href=\"https:\/\/libra.unine.ch\/handle\/123456789\/8151\" target=\"_blank\" rel=\"noopener\">https:\/\/libra.unine.ch\/handle\/123456789\/8151<\/a><\/h3>\n<p><strong>Abstract: <\/strong><!--more--><\/p>\n<blockquote>\n<div id=\"sec-1\" class=\"subsection\">\n<p>&#8220;Le but de ce travail n&#8217;est pas de juger la politique d&#8217;asile suisse, qui ob\u00e9it \u00e0 des int\u00e9r\u00eats nationaux et internationaux. Disons simplement que les restrictions actuelles engendrent deux types de cons\u00e9quences. D&#8217;une part la limitation des arriv\u00e9es \u00e9vite que l&#8217;attitude de la population envers les requ\u00e9rants ne se raidisse et ne d\u00e9rape, \u00e0 l&#8217;exemple de ce que vivent actuellement l&#8217;Allemagne ou la France ; d&#8217;autre part les modalit\u00e9s de l&#8217;accueil, l&#8217;attente et les difficult\u00e9s de l&#8217;int\u00e9gration, telles qu&#8217;on les trouve \u00e0 presque tous les niveaux du parcours des requ\u00e9rants, engendrent des difficult\u00e9s de tous ordres. Le malaise s&#8217;exprime bien s\u00fbr chez les exil\u00e9s, mais aussi chez les animateurs des centres et parmi la population suisse.&#8221;<\/p>\n<\/div>\n<\/blockquote>\n","protected":false},"excerpt":{"rendered":"<p>Author(s) : Bertrand Cottet Source : https:\/\/libra.unine.ch\/handle\/123456789\/8151 Abstract:<\/p>\n","protected":false},"author":4,"featured_media":0,"comment_status":"open","ping_status":"open","sticky":false,"template":"","format":"standard","meta":{"_kadence_starter_templates_imported_post":false,"_kad_post_transparent":"","_kad_post_title":"","_kad_post_layout":"","_kad_post_sidebar_id":"","_kad_post_content_style":"","_kad_post_vertical_padding":"","_kad_post_feature":"","_kad_post_feature_position":"","_kad_post_header":false,"_kad_post_footer":false,"_kad_post_classname":"","jetpack_post_was_ever_published":false,"_jetpack_newsletter_access":"","_jetpack_dont_email_post_to_subs":false,"_jetpack_newsletter_tier_id":0,"_jetpack_memberships_contains_paywalled_content":false,"_jetpack_memberships_contains_paid_content":false,"footnotes":""},"categories":[12],"tags":[432,111,49,112,50,37,151,52,154,364,104,319,90,617,91,402],"class_list":["post-2836","post","type-post","status-publish","format-standard","hentry","category-politics","tag-432","tag-asylum-applications","tag-asylum-policy","tag-asylum-procedure","tag-asylum-seekers","tag-attitudes-towards-migrants","tag-cultural-identity","tag-french-language","tag-interviews","tag-jura","tag-living-conditions","tag-master-thesis","tag-reception-policy","tag-refugee-centres","tag-social-integration","tag-temporary-admission"],"jetpack_featured_media_url":"","jetpack_sharing_enabled":true,"_links":{"self":[{"href":"https:\/\/swissmig.unine.ch\/index.php?rest_route=\/wp\/v2\/posts\/2836","targetHints":{"allow":["GET"]}}],"collection":[{"href":"https:\/\/swissmig.unine.ch\/index.php?rest_route=\/wp\/v2\/posts"}],"about":[{"href":"https:\/\/swissmig.unine.ch\/index.php?rest_route=\/wp\/v2\/types\/post"}],"author":[{"embeddable":true,"href":"https:\/\/swissmig.unine.ch\/index.php?rest_route=\/wp\/v2\/users\/4"}],"replies":[{"embeddable":true,"href":"https:\/\/swissmig.unine.ch\/index.php?rest_route=%2Fwp%2Fv2%2Fcomments&post=2836"}],"version-history":[{"count":0,"href":"https:\/\/swissmig.unine.ch\/index.php?rest_route=\/wp\/v2\/posts\/2836\/revisions"}],"wp:attachment":[{"href":"https:\/\/swissmig.unine.ch\/index.php?rest_route=%2Fwp%2Fv2%2Fmedia&parent=2836"}],"wp:term":[{"taxonomy":"category","embeddable":true,"href":"https:\/\/swissmig.unine.ch\/index.php?rest_route=%2Fwp%2Fv2%2Fcategories&post=2836"},{"taxonomy":"post_tag","embeddable":true,"href":"https:\/\/swissmig.unine.ch\/index.php?rest_route=%2Fwp%2Fv2%2Ftags&post=2836"}],"curies":[{"name":"wp","href":"https:\/\/api.w.org\/{rel}","templated":true}]}}