{"id":2830,"date":"2019-07-08T13:31:14","date_gmt":"2019-07-08T12:31:14","guid":{"rendered":"https:\/\/swissmig.wordpress.com\/?p=2830"},"modified":"2019-07-08T13:31:14","modified_gmt":"2019-07-08T12:31:14","slug":"migrantinnen-in-der-schweiz-situation-leistung-und-potential-la-migration-feminine-en-suisse-situation-apport-et-potentiel","status":"publish","type":"post","link":"https:\/\/swissmig.unine.ch\/?p=2830","title":{"rendered":"Migrantinnen in der Schweiz: Situation, Leistung und Potential                                 La migration f\u00e9minine en Suisse: situation, apport et potentiel"},"content":{"rendered":"<h3>Author(s) : Marina Richter<\/h3>\n<h3>Source : DE <a href=\"https:\/\/www.ekm.admin.ch\/dam\/data\/ekm\/dokumentation\/materialien\/ber-ekm-migrantinnen-d.pdf\">https:\/\/www.ekm.admin.ch\/dam\/data\/ekm\/dokumentation\/materialien\/ber-ekm-migrantinnen-d.pdf<\/a><\/h3>\n<h3>Source : FR <a href=\"https:\/\/www.ekm.admin.ch\/dam\/data\/ekm\/dokumentation\/materialien\/ber-res-ekm-migrantinnen-f.pdf\">https:\/\/www.ekm.admin.ch\/dam\/data\/ekm\/dokumentation\/materialien\/ber-res-ekm-migrantinnen-f.pdf<\/a><\/h3>\n<p><strong>Abstract: <\/strong><!--more--><\/p>\n<blockquote>\n<div id=\"sec-1\" class=\"subsection\">\n<p>&#8220;Migrantinnen geh\u00f6ren zum Schweizer Alltag. Sie kommen aus vielf\u00e4ltigsten L\u00e4ndern, arbeiten in unterschiedlichsten Berufen und sind in Vereinen und anderen Organisationen aktiv. Sie k\u00fcmmern sich um Kinder und Angeh\u00f6rige und verbinden dabei oft verschiedene Menschen, Orte, L\u00e4nder und Kulturen in transnationaler Weise (Passagen 2013). Migration ist f\u00fcr die Schweiz wie auch global gesehen kein neues Ph\u00e4nomen. Menschen sind mobil, sie bewegen sich auch \u00fcber Grenzen hinweg. Heute leben weltweit so viele Menschen wie nie zuvor nicht in ihrem Geburtsland.&#8221;<\/p>\n<p>&#8220;Les migrantes font partie du quotidien suisse : originaires de pays tr\u00e8s divers, elles exercent toutes sortes de m\u00e9tiers et sont engag\u00e9es dans la vie associative et organisationnelle du pays. Elles assurent la garde d\u2019enfants et la prise en charge de proches et servent souvent de trait d\u2019union transnational entre diff\u00e9rents individus, lieux, pays, personnes et cultures (Passagen 2013). C\u2019est en 2007 qu\u2019appara\u00eet pour la premi\u00e8re fois la notion de \u00abf\u00e9minisation de la migration\u00bb dans le discours de l\u2019ONU. Celle-ci marque un changement de perspective dans la recherche et la politique, qui s\u2019int\u00e9resse d\u00e9sormais au r\u00f4le et \u00e0 la place de la femme dans la migration. Car les femmes ne sont pas seulement aussi nombreuses que les hommes \u00e0 prendre l\u2019exil, elles sont aussi protagonistes de la migration. Ce constat se v\u00e9rifie en contexte suisse comme global.&#8221;<\/p>\n<\/div>\n<\/blockquote>\n","protected":false},"excerpt":{"rendered":"<p>Author(s) : Marina Richter Source : DE https:\/\/www.ekm.admin.ch\/dam\/data\/ekm\/dokumentation\/materialien\/ber-ekm-migrantinnen-d.pdf Source :&#8230;<\/p>\n","protected":false},"author":4,"featured_media":0,"comment_status":"open","ping_status":"open","sticky":false,"template":"","format":"standard","meta":{"_kadence_starter_templates_imported_post":false,"_kad_post_transparent":"","_kad_post_title":"","_kad_post_layout":"","_kad_post_sidebar_id":"","_kad_post_content_style":"","_kad_post_vertical_padding":"","_kad_post_feature":"","_kad_post_feature_position":"","_kad_post_header":false,"_kad_post_footer":false,"_kad_post_classname":"","jetpack_post_was_ever_published":false,"_jetpack_newsletter_access":"","_jetpack_dont_email_post_to_subs":false,"_jetpack_newsletter_tier_id":0,"_jetpack_memberships_contains_paywalled_content":false,"_jetpack_memberships_contains_paid_content":false,"footnotes":""},"categories":[43],"tags":[582,52,148,73,19,104,138,249,264,91,279,143,26,201],"class_list":["post-2830","post","type-post","status-publish","format-standard","hentry","category-the-migration-phenomenon","tag-582","tag-french-language","tag-gender","tag-german-language","tag-labour-market","tag-living-conditions","tag-migration-motives","tag-report","tag-skills","tag-social-integration","tag-socioeconomic-factors","tag-statistical-data","tag-transnationalism","tag-women"],"jetpack_featured_media_url":"","jetpack_sharing_enabled":true,"_links":{"self":[{"href":"https:\/\/swissmig.unine.ch\/index.php?rest_route=\/wp\/v2\/posts\/2830","targetHints":{"allow":["GET"]}}],"collection":[{"href":"https:\/\/swissmig.unine.ch\/index.php?rest_route=\/wp\/v2\/posts"}],"about":[{"href":"https:\/\/swissmig.unine.ch\/index.php?rest_route=\/wp\/v2\/types\/post"}],"author":[{"embeddable":true,"href":"https:\/\/swissmig.unine.ch\/index.php?rest_route=\/wp\/v2\/users\/4"}],"replies":[{"embeddable":true,"href":"https:\/\/swissmig.unine.ch\/index.php?rest_route=%2Fwp%2Fv2%2Fcomments&post=2830"}],"version-history":[{"count":0,"href":"https:\/\/swissmig.unine.ch\/index.php?rest_route=\/wp\/v2\/posts\/2830\/revisions"}],"wp:attachment":[{"href":"https:\/\/swissmig.unine.ch\/index.php?rest_route=%2Fwp%2Fv2%2Fmedia&parent=2830"}],"wp:term":[{"taxonomy":"category","embeddable":true,"href":"https:\/\/swissmig.unine.ch\/index.php?rest_route=%2Fwp%2Fv2%2Fcategories&post=2830"},{"taxonomy":"post_tag","embeddable":true,"href":"https:\/\/swissmig.unine.ch\/index.php?rest_route=%2Fwp%2Fv2%2Ftags&post=2830"}],"curies":[{"name":"wp","href":"https:\/\/api.w.org\/{rel}","templated":true}]}}