{"id":2819,"date":"2019-07-01T10:43:59","date_gmt":"2019-07-01T09:43:59","guid":{"rendered":"https:\/\/swissmig.wordpress.com\/?p=2819"},"modified":"2019-07-01T10:43:59","modified_gmt":"2019-07-01T09:43:59","slug":"les-requerants-dasile-mineurs-non-accompagnes-dans-le-canton-de-vaud-comment-la-prise-en-charge-est-elle-vecue-par-des-educatrices-et-des-benevoles","status":"publish","type":"post","link":"https:\/\/swissmig.unine.ch\/?p=2819","title":{"rendered":"Les requ\u00e9rants d&#8217;asile mineurs non accompagn\u00e9s dans le Canton de Vaud: comment la prise en charge est-elle v\u00e9cue par des \u00e9ducatrices et des b\u00e9n\u00e9voles ?"},"content":{"rendered":"<h3>Author(s) : M\u00e9lissa Pasche<\/h3>\n<h3>Source : <a href=\"http:\/\/doc.rero.ch\/record\/309012\" target=\"_blank\" rel=\"noopener noreferrer\">http:\/\/doc.rero.ch\/record\/309012<\/a><\/h3>\n<p><strong>Abstract: <\/strong><!--more--><\/p>\n<blockquote>\n<div id=\"sec-1\" class=\"subsection\">\n<p id=\"Par1\" class=\"Para\">&#8220;Les requ\u00e9rants d\u2019asile mineurs non accompagn\u00e9s (RMNA ou MNA) sont les requ\u00e9rants d\u2019asile les plus vuln\u00e9rables car ils se retrouvent seuls confront\u00e9s \u00e0 une proc\u00e9dure compliqu\u00e9e, face \u00e0 une langue et une soci\u00e9t\u00e9 qui leur sont \u00e9trang\u00e8res. Vivant dans l\u2019incertitude d\u2019une possible d\u00e9cision de renvoi, il leur est donc difficile de s\u2019int\u00e9grer pleinement dans le pays d\u2019accueil et d\u2019\u00e9laborer des projets d\u2019avenir. De plus, les conditions de vie dans les foyers (beaucoup de MNA et peu de professionnels) ne leur permettent pas d\u2019avoir un encadrement et un accompagnement \u00e9ducatif n\u00e9cessaire \u00e0 leur bon d\u00e9veloppement. Ces enjeux de l\u2019accompagnement p\u00e8sent autant sur les MNA que sur les \u00e9ducateurs des foyers, qui ne peuvent pas offrir le suivi p\u00e9dagogique souhait\u00e9. C\u2019est pourquoi, des projets b\u00e9n\u00e9voles ont \u00e9t\u00e9 mis en place pour soutenir le personnel \u00e9ducatif et combler les manques diagnostiqu\u00e9s. Suite aux lacunes constat\u00e9es, des acteurs politiques ont \u00e9galement r\u00e9agi en posant des interpellations au Parlement afin d\u2019am\u00e9liorer les conditions de vie des MNA en Suisse.&#8221;<\/p>\n<p><strong>Keywords<\/strong> : Requ\u00e9rants d\u2019asile mineurs non accompagn\u00e9s\u00a0; RMNA (MNA)\u00a0; B\u00e9n\u00e9vole\u00a0; EVAM\u00a0; Education\u00a0; Politique d\u2019asile<br \/>\n&nbsp;<\/p>\n<\/div>\n<\/blockquote>\n","protected":false},"excerpt":{"rendered":"<p>Author(s) : M\u00e9lissa Pasche Source : http:\/\/doc.rero.ch\/record\/309012 Abstract:<\/p>\n","protected":false},"author":4,"featured_media":0,"comment_status":"open","ping_status":"open","sticky":false,"template":"","format":"standard","meta":{"_kadence_starter_templates_imported_post":false,"_kad_post_transparent":"","_kad_post_title":"","_kad_post_layout":"","_kad_post_sidebar_id":"","_kad_post_content_style":"","_kad_post_vertical_padding":"","_kad_post_feature":"","_kad_post_feature_position":"","_kad_post_header":false,"_kad_post_footer":false,"_kad_post_classname":"","jetpack_post_was_ever_published":false,"_jetpack_newsletter_access":"","_jetpack_dont_email_post_to_subs":false,"_jetpack_newsletter_tier_id":0,"_jetpack_memberships_contains_paywalled_content":false,"_jetpack_memberships_contains_paid_content":false,"footnotes":""},"categories":[24],"tags":[48,631,112,275,328,52,160,319,91,401,64,370],"class_list":["post-2819","post","type-post","status-publish","format-standard","hentry","category-society-family-racism","tag-48","tag-asylum","tag-asylum-procedure","tag-educational-programmes","tag-expulsion","tag-french-language","tag-integration-programmes","tag-master-thesis","tag-social-integration","tag-social-workers","tag-unaccompanied-minors","tag-vaud"],"jetpack_featured_media_url":"","jetpack_sharing_enabled":true,"_links":{"self":[{"href":"https:\/\/swissmig.unine.ch\/index.php?rest_route=\/wp\/v2\/posts\/2819","targetHints":{"allow":["GET"]}}],"collection":[{"href":"https:\/\/swissmig.unine.ch\/index.php?rest_route=\/wp\/v2\/posts"}],"about":[{"href":"https:\/\/swissmig.unine.ch\/index.php?rest_route=\/wp\/v2\/types\/post"}],"author":[{"embeddable":true,"href":"https:\/\/swissmig.unine.ch\/index.php?rest_route=\/wp\/v2\/users\/4"}],"replies":[{"embeddable":true,"href":"https:\/\/swissmig.unine.ch\/index.php?rest_route=%2Fwp%2Fv2%2Fcomments&post=2819"}],"version-history":[{"count":0,"href":"https:\/\/swissmig.unine.ch\/index.php?rest_route=\/wp\/v2\/posts\/2819\/revisions"}],"wp:attachment":[{"href":"https:\/\/swissmig.unine.ch\/index.php?rest_route=%2Fwp%2Fv2%2Fmedia&parent=2819"}],"wp:term":[{"taxonomy":"category","embeddable":true,"href":"https:\/\/swissmig.unine.ch\/index.php?rest_route=%2Fwp%2Fv2%2Fcategories&post=2819"},{"taxonomy":"post_tag","embeddable":true,"href":"https:\/\/swissmig.unine.ch\/index.php?rest_route=%2Fwp%2Fv2%2Ftags&post=2819"}],"curies":[{"name":"wp","href":"https:\/\/api.w.org\/{rel}","templated":true}]}}