{"id":2808,"date":"2019-06-28T08:00:56","date_gmt":"2019-06-28T07:00:56","guid":{"rendered":"https:\/\/swissmig.wordpress.com\/?p=2808"},"modified":"2019-06-28T08:00:56","modified_gmt":"2019-06-28T07:00:56","slug":"zauberwort-integration-paradigmenwechsel-in-der-schweizerischen-politik","status":"publish","type":"post","link":"https:\/\/swissmig.unine.ch\/?p=2808","title":{"rendered":"Zauberwort \u00abIntegration\u00bb \u2013  Paradigmenwechsel in der schweizerischen Politik?"},"content":{"rendered":"<h3>Author(s) : Simone Prodolliet<\/h3>\n<h3>Source : <a href=\"https:\/\/www.sem.admin.ch\/content\/dam\/data\/ekm\/themen\/ref_prs_paradigma.pdf\" target=\"_blank\" rel=\"noopener noreferrer\">https:\/\/www.sem.admin.ch\/content\/dam\/data\/ekm\/themen\/ref_prs_paradigma.pdf<\/a><\/h3>\n<p><strong>Abstract: <\/strong><!--more--><\/p>\n<blockquote>\n<div id=\"sec-1\" class=\"subsection\">\n<p id=\"Par1\" class=\"Para\">&#8220;Integrationspolitik hat Hochkonjunktur. In vielen westeurop\u00e4ischen L\u00e4ndern sind die Beh\u00f6rden daran, Lektionen aus den Vers\u00e4umnissen der vergangenen Jahrzehnte zu ziehen und verst\u00e4rkt in Integrationspolitik zu investieren. Auch die helvetische Politik schreibt sich in die-sen Trend ein. \u00dcber alle Parteigrenzen hinweg ist man sich einig, dass Integration ein Gebot der aktuellen Politik ist. Das Thema wird als so wichtig erachtet, dass es im November 2006 zum Haupttraktandum der Von-Wattenwyl-Gespr\u00e4che gemacht wurde. Alle Bundesratsparteien haben Positionspapiere verfasst, in welchen sie Stellung dazu nehmen, wie mit der Pr\u00e4senz von Migrantinnen und Migranten ad\u00e4quat umzugehen sei. W\u00e4hrend die SVP \u00abKlare Regeln f\u00fcr alle!\u00bb fordert, konzentriert sich die CVP auf Fragen, die sich auf \u00abReligionsfreiheit und Identit\u00e4t\u00bb beziehen. Die FDP schl\u00e4gt im Hinblick auf die Realisierung einer \u00aboffenen, erfolgreichen Schweiz\u00bb die Schaffung eines Rahmengesetzes f\u00fcr Integration vor. Und die SP schliesslich macht sich f\u00fcr eine \u00abIntegrationsoffensive\u00bb stark. Wie kommt es, dass von links bis rechts Integration in aller Munde ist und geradezu als Heilmittel f\u00fcr Problemlagen aller Art heraufbeschworen wird? Haben die Bem\u00fchungen unz\u00e4hliger in der Integrationsarbeit Engagierter, dieses Thema auf die Tagesordnung der offiziellen Politik zu bringen, endlich Fr\u00fcchte getragen?&#8221;<\/p>\n<\/div>\n<\/blockquote>\n","protected":false},"excerpt":{"rendered":"<p>Author(s) : Simone Prodolliet Source : https:\/\/www.sem.admin.ch\/content\/dam\/data\/ekm\/themen\/ref_prs_paradigma.pdf Abstract:<\/p>\n","protected":false},"author":4,"featured_media":0,"comment_status":"open","ping_status":"open","sticky":false,"template":"","format":"standard","meta":{"_kadence_starter_templates_imported_post":false,"_kad_post_transparent":"","_kad_post_title":"","_kad_post_layout":"","_kad_post_sidebar_id":"","_kad_post_content_style":"","_kad_post_vertical_padding":"","_kad_post_feature":"","_kad_post_feature_position":"","_kad_post_header":false,"_kad_post_footer":false,"_kad_post_classname":"","jetpack_post_was_ever_published":false,"_jetpack_newsletter_access":"","_jetpack_dont_email_post_to_subs":false,"_jetpack_newsletter_tier_id":0,"_jetpack_memberships_contains_paywalled_content":false,"_jetpack_memberships_contains_paid_content":false,"footnotes":""},"categories":[12],"tags":[417,49,151,73,387,160,36,11,249,91,74],"class_list":["post-2808","post","type-post","status-publish","format-standard","hentry","category-politics","tag-417","tag-asylum-policy","tag-cultural-identity","tag-german-language","tag-integration-policy","tag-integration-programmes","tag-migration-policy","tag-political-parties","tag-report","tag-social-integration","tag-theory"],"jetpack_featured_media_url":"","jetpack_sharing_enabled":true,"_links":{"self":[{"href":"https:\/\/swissmig.unine.ch\/index.php?rest_route=\/wp\/v2\/posts\/2808","targetHints":{"allow":["GET"]}}],"collection":[{"href":"https:\/\/swissmig.unine.ch\/index.php?rest_route=\/wp\/v2\/posts"}],"about":[{"href":"https:\/\/swissmig.unine.ch\/index.php?rest_route=\/wp\/v2\/types\/post"}],"author":[{"embeddable":true,"href":"https:\/\/swissmig.unine.ch\/index.php?rest_route=\/wp\/v2\/users\/4"}],"replies":[{"embeddable":true,"href":"https:\/\/swissmig.unine.ch\/index.php?rest_route=%2Fwp%2Fv2%2Fcomments&post=2808"}],"version-history":[{"count":0,"href":"https:\/\/swissmig.unine.ch\/index.php?rest_route=\/wp\/v2\/posts\/2808\/revisions"}],"wp:attachment":[{"href":"https:\/\/swissmig.unine.ch\/index.php?rest_route=%2Fwp%2Fv2%2Fmedia&parent=2808"}],"wp:term":[{"taxonomy":"category","embeddable":true,"href":"https:\/\/swissmig.unine.ch\/index.php?rest_route=%2Fwp%2Fv2%2Fcategories&post=2808"},{"taxonomy":"post_tag","embeddable":true,"href":"https:\/\/swissmig.unine.ch\/index.php?rest_route=%2Fwp%2Fv2%2Ftags&post=2808"}],"curies":[{"name":"wp","href":"https:\/\/api.w.org\/{rel}","templated":true}]}}