{"id":2804,"date":"2019-06-21T16:27:54","date_gmt":"2019-06-21T15:27:54","guid":{"rendered":"https:\/\/swissmig.wordpress.com\/?p=2804"},"modified":"2019-06-21T16:27:54","modified_gmt":"2019-06-21T15:27:54","slug":"das-neue-burgerrechtsgesetz","status":"publish","type":"post","link":"https:\/\/swissmig.unine.ch\/?p=2804","title":{"rendered":"Das neue B\u00fcrgerrechtsgesetz"},"content":{"rendered":"<h3>Author(s) : Barbara Von R\u00fctte<\/h3>\n<h3>Source : <a href=\"https:\/\/boris.unibe.ch\/118257\/1\/von_Ruette_2017_Das_neue_Buergerrechtsgesetz.pdf\" target=\"_blank\" rel=\"noopener noreferrer\">https:\/\/boris.unibe.ch\/118257\/1\/von_Ruette_2017_Das_neue_Buergerrechtsgesetz.pdf<\/a><\/h3>\n<p><strong>Abstract: <\/strong><!--more--><\/p>\n<blockquote>\n<div id=\"sec-1\" class=\"subsection\">\n<p id=\"Par011\" class=\"Para\">&#8220;Auf den 1. 1. 2018 wird das neue B\u00fcrgerrechtsgesetz in Kraft treten. Grundlegende \u00c4nderungen im Schweizer B\u00fcrgerrechtswesen hat der neue Erlass nicht zur Folge. F\u00fcr die betroffenen Personen, f\u00fcr ein-b\u00fcrgerungswillige Ausl\u00e4nderinnen und Ausl\u00e4nder, bringt die \u00c4nderung aber etliche Versch\u00e4rfungen mit sich. Der vorliegende Beitrag will die mit der Totalrevision eingef\u00fchrten Neuerungen vorstellen und auf die wichtigsten Punkte hinweisen, die in der Praxis in B\u00fcrgerrechtsverfahren beachtet werden sollten.&#8221;<\/p>\n<\/div>\n<\/blockquote>\n","protected":false},"excerpt":{"rendered":"<p>Author(s) : Barbara Von R\u00fctte Source : https:\/\/boris.unibe.ch\/118257\/1\/von_Ruette_2017_Das_neue_Buergerrechtsgesetz.pdf Abstract:<\/p>\n","protected":false},"author":4,"featured_media":0,"comment_status":"open","ping_status":"open","sticky":false,"template":"","format":"standard","meta":{"_kadence_starter_templates_imported_post":false,"_kad_post_transparent":"","_kad_post_title":"","_kad_post_layout":"","_kad_post_sidebar_id":"","_kad_post_content_style":"","_kad_post_vertical_padding":"","_kad_post_feature":"","_kad_post_feature_position":"","_kad_post_header":false,"_kad_post_footer":false,"_kad_post_classname":"","jetpack_post_was_ever_published":false,"_jetpack_newsletter_access":"","_jetpack_dont_email_post_to_subs":false,"_jetpack_newsletter_tier_id":0,"_jetpack_memberships_contains_paywalled_content":false,"_jetpack_memberships_contains_paid_content":false,"footnotes":""},"categories":[53],"tags":[48,7,70,307,28,73,36,205],"class_list":["post-2804","post","type-post","status-publish","format-standard","hentry","category-law","tag-48","tag-article","tag-citizenship","tag-civil-and-political-rights","tag-foreigners","tag-german-language","tag-migration-policy","tag-national-identity"],"jetpack_featured_media_url":"","jetpack_sharing_enabled":true,"_links":{"self":[{"href":"https:\/\/swissmig.unine.ch\/index.php?rest_route=\/wp\/v2\/posts\/2804","targetHints":{"allow":["GET"]}}],"collection":[{"href":"https:\/\/swissmig.unine.ch\/index.php?rest_route=\/wp\/v2\/posts"}],"about":[{"href":"https:\/\/swissmig.unine.ch\/index.php?rest_route=\/wp\/v2\/types\/post"}],"author":[{"embeddable":true,"href":"https:\/\/swissmig.unine.ch\/index.php?rest_route=\/wp\/v2\/users\/4"}],"replies":[{"embeddable":true,"href":"https:\/\/swissmig.unine.ch\/index.php?rest_route=%2Fwp%2Fv2%2Fcomments&post=2804"}],"version-history":[{"count":0,"href":"https:\/\/swissmig.unine.ch\/index.php?rest_route=\/wp\/v2\/posts\/2804\/revisions"}],"wp:attachment":[{"href":"https:\/\/swissmig.unine.ch\/index.php?rest_route=%2Fwp%2Fv2%2Fmedia&parent=2804"}],"wp:term":[{"taxonomy":"category","embeddable":true,"href":"https:\/\/swissmig.unine.ch\/index.php?rest_route=%2Fwp%2Fv2%2Fcategories&post=2804"},{"taxonomy":"post_tag","embeddable":true,"href":"https:\/\/swissmig.unine.ch\/index.php?rest_route=%2Fwp%2Fv2%2Ftags&post=2804"}],"curies":[{"name":"wp","href":"https:\/\/api.w.org\/{rel}","templated":true}]}}