{"id":2793,"date":"2019-06-17T11:53:58","date_gmt":"2019-06-17T10:53:58","guid":{"rendered":"https:\/\/swissmig.wordpress.com\/?p=2793"},"modified":"2019-06-17T11:53:58","modified_gmt":"2019-06-17T10:53:58","slug":"forensic-age-estimation-in-swiss-asylum-procedures-race-in-the-production-of-age","status":"publish","type":"post","link":"https:\/\/swissmig.unine.ch\/?p=2793","title":{"rendered":"Forensic Age Estimation in Swiss Asylum Procedures: Race in the production of age"},"content":{"rendered":"<h3>Author(s) : Johannes Balthasar Oertli<\/h3>\n<h3>Source : <a href=\"https:\/\/refuge.journals.yorku.ca\/index.php\/refuge\/article\/view\/40540\" target=\"_blank\" rel=\"noopener noreferrer\">https:\/\/refuge.journals.yorku.ca\/index.php\/refuge\/article\/view\/40540<\/a><\/h3>\n<p><strong>Abstract: <\/strong><!--more--><\/p>\n<blockquote><p>&#8220;In asylum procedures, authorities often doubt the claim of an unaccompanied young person to be a child. In Switzerland, in such cases, asylum seekers are made to undergo forensic age estimation to assess their \u201cactual\u201d age. This article studies this practice, drawing on interviews with the people who commission and conduct it. It elaborates on what triggers such \u201cage disputes\u201d and explains how age is being assessed. It continues by highlighting the difference between forensic and medical age estimation and how the use of FAE in a forensic environment racializes the children involved. In conclusion, this article reflects on the meaning of this racialization and what it, as well as the use of FAE, signifies about the interplay of racialized boundaries and legal borders within current migration regimes.&#8221;<\/p>\n<div id=\"articleAbstract\">\n<div>\n<p><strong>R\u00e9sum\u00e9<\/strong><br \/>\n&#8220;Dans les proc\u00e9dures de demande d\u2019asile, les autorit\u00e9s doutent souvent de la pr\u00e9tention de jeunes personnes non-accompagn\u00e9es \u00e0 \u00eatre des enfants. En Suisse, dans de tels cas, les demandeurs d\u2019asile sont soumis \u00e0 une proc\u00e9dure d\u2019estimation m\u00e9dico-l\u00e9gale afin d\u2019\u00e9valuer leur \u00e2ge \u00ab r\u00e9el \u00bb. Cet article \u00e9tudie cette pratique \u00e0 partir d\u2019entretiens approfondis avec les personnes qui la commissionnent et la mettent en oeuvre. Il traite des raisons provoquant ces contestations sur l\u2019\u00e2ge et explique la fa\u00e7on dont l\u2019\u00e2ge est \u00e9valu\u00e9. Il souligne ensuite la diff\u00e9rence entre une estimation m\u00e9dico-l\u00e9gale et m\u00e9dicale ainsi que la mani\u00e8re dont l\u2019estimation de l\u2019\u00e2ge en milieu m\u00e9dico-l\u00e9gal racialise les enfants concern\u00e9s. L\u2019article se conclut par une r\u00e9flexion sur la signification de cette racialisation et sur ce que cette derni\u00e8re, de m\u00eame que l\u2019utilisation de l\u2019estimation m\u00e9dico-l\u00e9gale, signifient au sujet de l\u2019interaction entre fronti\u00e8res racialis\u00e9es et fronti\u00e8res juridiques dans les r\u00e9gimes migratoires actuels.&#8221;<\/p>\n<p><strong>Keywords<\/strong> : forensic age assessment; unaccompanied minors; racialization<\/p>\n<\/div>\n<\/div>\n<\/blockquote>\n","protected":false},"excerpt":{"rendered":"<p>Author(s) : Johannes Balthasar Oertli Source : https:\/\/refuge.journals.yorku.ca\/index.php\/refuge\/article\/view\/40540 Abstract:<\/p>\n","protected":false},"author":4,"featured_media":0,"comment_status":"open","ping_status":"open","sticky":false,"template":"","format":"standard","meta":{"_kadence_starter_templates_imported_post":false,"_kad_post_transparent":"","_kad_post_title":"","_kad_post_layout":"","_kad_post_sidebar_id":"","_kad_post_content_style":"","_kad_post_vertical_padding":"","_kad_post_feature":"","_kad_post_feature_position":"","_kad_post_header":false,"_kad_post_footer":false,"_kad_post_classname":"","jetpack_post_was_ever_published":false,"_jetpack_newsletter_access":"","_jetpack_dont_email_post_to_subs":false,"_jetpack_newsletter_tier_id":0,"_jetpack_memberships_contains_paywalled_content":false,"_jetpack_memberships_contains_paid_content":false,"footnotes":""},"categories":[12],"tags":[582,7,111,49,112,50,318,9,129,395,629,64],"class_list":["post-2793","post","type-post","status-publish","format-standard","hentry","category-politics","tag-582","tag-article","tag-asylum-applications","tag-asylum-policy","tag-asylum-procedure","tag-asylum-seekers","tag-children","tag-english-language","tag-law","tag-medicine","tag-racialization","tag-unaccompanied-minors"],"jetpack_featured_media_url":"","jetpack_sharing_enabled":true,"_links":{"self":[{"href":"https:\/\/swissmig.unine.ch\/index.php?rest_route=\/wp\/v2\/posts\/2793","targetHints":{"allow":["GET"]}}],"collection":[{"href":"https:\/\/swissmig.unine.ch\/index.php?rest_route=\/wp\/v2\/posts"}],"about":[{"href":"https:\/\/swissmig.unine.ch\/index.php?rest_route=\/wp\/v2\/types\/post"}],"author":[{"embeddable":true,"href":"https:\/\/swissmig.unine.ch\/index.php?rest_route=\/wp\/v2\/users\/4"}],"replies":[{"embeddable":true,"href":"https:\/\/swissmig.unine.ch\/index.php?rest_route=%2Fwp%2Fv2%2Fcomments&post=2793"}],"version-history":[{"count":0,"href":"https:\/\/swissmig.unine.ch\/index.php?rest_route=\/wp\/v2\/posts\/2793\/revisions"}],"wp:attachment":[{"href":"https:\/\/swissmig.unine.ch\/index.php?rest_route=%2Fwp%2Fv2%2Fmedia&parent=2793"}],"wp:term":[{"taxonomy":"category","embeddable":true,"href":"https:\/\/swissmig.unine.ch\/index.php?rest_route=%2Fwp%2Fv2%2Fcategories&post=2793"},{"taxonomy":"post_tag","embeddable":true,"href":"https:\/\/swissmig.unine.ch\/index.php?rest_route=%2Fwp%2Fv2%2Ftags&post=2793"}],"curies":[{"name":"wp","href":"https:\/\/api.w.org\/{rel}","templated":true}]}}