{"id":2789,"date":"2019-06-17T11:33:47","date_gmt":"2019-06-17T10:33:47","guid":{"rendered":"https:\/\/swissmig.wordpress.com\/?p=2789"},"modified":"2019-06-17T11:33:47","modified_gmt":"2019-06-17T10:33:47","slug":"repression-de-lexploitation-du-travail-en-suisse-etude-de-faisabilite-sur-la-mise-en-oeuvre-de-larticle-182-cp-a-la-lumiere-des-droits-humains","status":"publish","type":"post","link":"https:\/\/swissmig.unine.ch\/?p=2789","title":{"rendered":"R\u00e9pression de l\u2019exploitation du travail en Suisse : \u00e9tude de faisabilit\u00e9 sur la mise en \u0153uvre de l\u2019article 182 CP \u00e0 la lumi\u00e8re des droits humains"},"content":{"rendered":"<h3>Author(s) : Anne-Laurence Graf, Johanna Probst<\/h3>\n<h3>Source : <a href=\"https:\/\/www.skmr.ch\/cms\/upload\/pdf\/190513_Etude_faisabilite_exploitation_du_travail.pdf\" target=\"_blank\" rel=\"noopener noreferrer\">https:\/\/www.skmr.ch\/cms\/upload\/pdf\/190513_Etude_faisabilite_exploitation_du_travail.pdf<\/a><\/h3>\n<p><strong>Abstract: <\/strong><!--more--><\/p>\n<blockquote><p>&#8220;L\u2019exploitation du travail existe aussi en Suisse et constitue une infraction sous l\u2019angle de l\u2019article 182 du code p\u00e9nal suisse. Pourtant, les personnes responsables ne sont que rarement condamn\u00e9es. L\u2019\u00e9tude \u00ab r\u00e9pression de l\u2019exploitation du travail en Suisse : \u00e9tude de faisabilit\u00e9 sur la mise en \u0153uvre de l\u2019article 182 CP \u00e0 la lumi\u00e8re des droits humains \u00bb pointe deux causes possibles \u00e0 cela : un probl\u00e8me de d\u00e9finition des notions concern\u00e9es et une sensibilisation insuffisante des autorit\u00e9s comp\u00e9tentes. L\u2019\u00e9tude examine aussi la question de savoir si une nouvelle norme p\u00e9nale sp\u00e9ci-fique \u00e0 l\u2019exploitation du travail serait pertinente. A partir de quand l\u2019exploitation du travail devient-elle de la traite des \u00eatres humains ? Dans le chapitre II, l\u2019\u00e9tude prend pour point de d\u00e9part le constat, \u00e9tabli par l\u2019\u00e9tude Probst et Efionayi-M\u00e4der (2016), que des situations d\u2019exploitation du travail existent bel et bien sur le sol helv\u00e9tique, mais que peu d\u2019entre elles sont d\u00e9tect\u00e9es (par la police) et encore moins donnent lieu \u00e0 des condamnations p\u00e9nales selon l\u2019article 182 du code p\u00e9nal (seulement six affaires depuis l\u2019entr\u00e9e en vigueur en 2007 de cette disposition). La probl\u00e9matique consiste donc \u00e0 analyser les circonstances dans lesquelles la situation d\u2019exploitation du travail a \u00e9t\u00e9 qualifi\u00e9e de traite des \u00eatres humains par les autorit\u00e9s judiciaires et celles dans lesquelles elle ne l\u2019a pas \u00e9t\u00e9, afin d\u2019esquisser des pistes de r\u00e9flexion quant aux causes possibles des divergences d\u2019appr\u00e9ciation.&#8221;<\/p><\/blockquote>\n","protected":false},"excerpt":{"rendered":"<p>Author(s) : Anne-Laurence Graf, Johanna Probst Source : https:\/\/www.skmr.ch\/cms\/upload\/pdf\/190513_Etude_faisabilite_exploitation_du_travail.pdf Abstract:<\/p>\n","protected":false},"author":4,"featured_media":0,"comment_status":"open","ping_status":"open","sticky":false,"template":"","format":"standard","meta":{"_kadence_starter_templates_imported_post":false,"_kad_post_transparent":"","_kad_post_title":"","_kad_post_layout":"","_kad_post_sidebar_id":"","_kad_post_content_style":"","_kad_post_vertical_padding":"","_kad_post_feature":"","_kad_post_feature_position":"","_kad_post_header":false,"_kad_post_footer":false,"_kad_post_classname":"","jetpack_post_was_ever_published":false,"_jetpack_newsletter_access":"","_jetpack_dont_email_post_to_subs":false,"_jetpack_newsletter_tier_id":0,"_jetpack_memberships_contains_paywalled_content":false,"_jetpack_memberships_contains_paid_content":false,"footnotes":""},"categories":[43],"tags":[582,52,271,293,294,129,104,249,511,158],"class_list":["post-2789","post","type-post","status-publish","format-standard","hentry","category-the-migration-phenomenon","tag-582","tag-french-language","tag-human-rights-violations","tag-human-smuggling","tag-irregular-migration","tag-law","tag-living-conditions","tag-report","tag-trafficking-of-women","tag-working-conditions"],"jetpack_featured_media_url":"","jetpack_sharing_enabled":true,"_links":{"self":[{"href":"https:\/\/swissmig.unine.ch\/index.php?rest_route=\/wp\/v2\/posts\/2789","targetHints":{"allow":["GET"]}}],"collection":[{"href":"https:\/\/swissmig.unine.ch\/index.php?rest_route=\/wp\/v2\/posts"}],"about":[{"href":"https:\/\/swissmig.unine.ch\/index.php?rest_route=\/wp\/v2\/types\/post"}],"author":[{"embeddable":true,"href":"https:\/\/swissmig.unine.ch\/index.php?rest_route=\/wp\/v2\/users\/4"}],"replies":[{"embeddable":true,"href":"https:\/\/swissmig.unine.ch\/index.php?rest_route=%2Fwp%2Fv2%2Fcomments&post=2789"}],"version-history":[{"count":0,"href":"https:\/\/swissmig.unine.ch\/index.php?rest_route=\/wp\/v2\/posts\/2789\/revisions"}],"wp:attachment":[{"href":"https:\/\/swissmig.unine.ch\/index.php?rest_route=%2Fwp%2Fv2%2Fmedia&parent=2789"}],"wp:term":[{"taxonomy":"category","embeddable":true,"href":"https:\/\/swissmig.unine.ch\/index.php?rest_route=%2Fwp%2Fv2%2Fcategories&post=2789"},{"taxonomy":"post_tag","embeddable":true,"href":"https:\/\/swissmig.unine.ch\/index.php?rest_route=%2Fwp%2Fv2%2Ftags&post=2789"}],"curies":[{"name":"wp","href":"https:\/\/api.w.org\/{rel}","templated":true}]}}