{"id":2787,"date":"2019-06-10T20:42:09","date_gmt":"2019-06-10T19:42:09","guid":{"rendered":"https:\/\/swissmig.wordpress.com\/?p=2787"},"modified":"2019-06-10T20:42:09","modified_gmt":"2019-06-10T19:42:09","slug":"das-schweizer-burgerrecht-die-demographischen-auswirkungen-der-aktuellen-revision","status":"publish","type":"post","link":"https:\/\/swissmig.unine.ch\/?p=2787","title":{"rendered":"Das Schweizer B\u00fcrgerrecht : die demographischen Auswirkungen der aktuellen Revision"},"content":{"rendered":"<h3>Author(s) : Philippe Wanner, Gianni D&#8217;Amato, Rainer M\u00fcnz, Ralf Ulrich<\/h3>\n<h3>Source : <a href=\"https:\/\/www.avenir-suisse.ch\/publication\/demografische-auswirkungen-einer-revision-des-schweizer-burgerrechts\/\" target=\"_blank\" rel=\"noopener noreferrer\">https:\/\/www.avenir-suisse.ch\/publication\/demografische-auswirkungen-einer-revision-des-schweizer-burgerrechts\/<\/a><\/h3>\n<p><strong>Abstract: <\/strong><!--more--><\/p>\n<blockquote>\n<section class=\"resume\">&#8220;Von den heute 7,3 Mio. Einwohnern der Schweiz sind rund 20 Prozent ausl\u00e4ndische Staatsb\u00fcrger (1,44 Mio.). Zwei Teilstudien zeigen im Detail die ausserordentlich heterogene und komplexe Einb\u00fcrgerungspraxis in der Schweiz, die in keinem Vergleich steht zu anderen europ\u00e4ischen L\u00e4ndern. Daraus resultiert eine niedrigere Einb\u00fcrgerungsneigung insbesondere von EU-B\u00fcrgern. Vor dem Hintergrund der demographischen Entwicklung und aus volkswirtschaftlicher Sicht w\u00e4re eine Erh\u00f6hung jedoch w\u00fcnschenswert. Derzeit steht eine umfassende Revision des Schweizer B\u00fcrgerrechts und des Einb\u00fcrgerungsverfahrens zur Diskussion. Die Studien von Avenir Suisse gehen der Frage nach, wie sich die geplante Revision des B\u00fcrgerrechts auf die tats\u00e4chlichen zuk\u00fcnftigen Einb\u00fcrgerungen und damit auch auf die Zahl der in der Schweiz wohnhaften Ausl\u00e4nder bzw. den Ausl\u00e4nderanteil auswirkt.&#8221;<\/section>\n<section><\/section>\n<section><\/section>\n<section><strong>Schl\u00fcsselw\u00f6rter<\/strong> : Demografie, Einb\u00fcrgerung<\/section>\n<section><\/section>\n<\/blockquote>\n","protected":false},"excerpt":{"rendered":"<p>Author(s) : Philippe Wanner, Gianni D&#8217;Amato, Rainer M\u00fcnz, Ralf Ulrich&#8230;<\/p>\n","protected":false},"author":4,"featured_media":0,"comment_status":"open","ping_status":"open","sticky":false,"template":"","format":"standard","meta":{"_kadence_starter_templates_imported_post":false,"_kad_post_transparent":"","_kad_post_title":"","_kad_post_layout":"","_kad_post_sidebar_id":"","_kad_post_content_style":"","_kad_post_vertical_padding":"","_kad_post_feature":"","_kad_post_feature_position":"","_kad_post_header":false,"_kad_post_footer":false,"_kad_post_classname":"","jetpack_post_was_ever_published":false,"_jetpack_newsletter_access":"","_jetpack_dont_email_post_to_subs":false,"_jetpack_newsletter_tier_id":0,"_jetpack_memberships_contains_paywalled_content":false,"_jetpack_memberships_contains_paid_content":false,"footnotes":""},"categories":[12],"tags":[481,191,73,98,93,249,143],"class_list":["post-2787","post","type-post","status-publish","format-standard","hentry","category-politics","tag-481","tag-demography","tag-german-language","tag-immigration-policy","tag-naturalization","tag-report","tag-statistical-data"],"jetpack_featured_media_url":"","jetpack_sharing_enabled":true,"_links":{"self":[{"href":"https:\/\/swissmig.unine.ch\/index.php?rest_route=\/wp\/v2\/posts\/2787","targetHints":{"allow":["GET"]}}],"collection":[{"href":"https:\/\/swissmig.unine.ch\/index.php?rest_route=\/wp\/v2\/posts"}],"about":[{"href":"https:\/\/swissmig.unine.ch\/index.php?rest_route=\/wp\/v2\/types\/post"}],"author":[{"embeddable":true,"href":"https:\/\/swissmig.unine.ch\/index.php?rest_route=\/wp\/v2\/users\/4"}],"replies":[{"embeddable":true,"href":"https:\/\/swissmig.unine.ch\/index.php?rest_route=%2Fwp%2Fv2%2Fcomments&post=2787"}],"version-history":[{"count":0,"href":"https:\/\/swissmig.unine.ch\/index.php?rest_route=\/wp\/v2\/posts\/2787\/revisions"}],"wp:attachment":[{"href":"https:\/\/swissmig.unine.ch\/index.php?rest_route=%2Fwp%2Fv2%2Fmedia&parent=2787"}],"wp:term":[{"taxonomy":"category","embeddable":true,"href":"https:\/\/swissmig.unine.ch\/index.php?rest_route=%2Fwp%2Fv2%2Fcategories&post=2787"},{"taxonomy":"post_tag","embeddable":true,"href":"https:\/\/swissmig.unine.ch\/index.php?rest_route=%2Fwp%2Fv2%2Ftags&post=2787"}],"curies":[{"name":"wp","href":"https:\/\/api.w.org\/{rel}","templated":true}]}}