{"id":2781,"date":"2019-06-10T20:10:44","date_gmt":"2019-06-10T19:10:44","guid":{"rendered":"https:\/\/swissmig.wordpress.com\/?p=2781"},"modified":"2019-06-10T20:10:44","modified_gmt":"2019-06-10T19:10:44","slug":"la-perception-citoyenne-des-frontaliers-dans-le-canton-du-tessin","status":"publish","type":"post","link":"https:\/\/swissmig.unine.ch\/?p=2781","title":{"rendered":"La perception citoyenne des frontaliers dans le canton du Tessin"},"content":{"rendered":"<h3>Author(s) : Oscar Mazzoleni, Andrea Pilotti<\/h3>\n<h3>Source : <a href=\"https:\/\/serval.unil.ch\/notice\/serval:BIB_1A764E1CD102\" target=\"_blank\" rel=\"noopener noreferrer\">https:\/\/serval.unil.ch\/notice\/serval:BIB_1A764E1CD102<\/a><\/h3>\n<p><strong>Abstract: <\/strong><!--more--><\/p>\n<blockquote>\n<section class=\"resume\">&#8220;Cette contribution illustre comment dans le canton du Tessin, le seul canton suisse situ\u00e9 enti\u00e8rement au Sud des Alpes et \u00e0 la fronti\u00e8re avec l\u2019Italie, le th\u00e8me des relations transfrontali\u00e8res conna\u00eet depuis les ann\u00e9es 2000 une politisation sans pr\u00e9c\u00e9dent. La pr\u00e9sence accrue des travailleurs frontaliers est ainsi th\u00e9matis\u00e9e en lien avec les difficult\u00e9s socio-\u00e9conomiques rencontr\u00e9es par le canton italophone, les relations avec Berne, la question europ\u00e9enne, ainsi que les controverses politiques et diplomatiques avec l\u2019Italie. Les r\u00e9sultats de deux votations populaires, l\u2019initiative f\u00e9d\u00e9rale \u00ab contre l\u2019immigration de masse \u00bb du 9 f\u00e9vrier 2014 et l\u2019initiative cantonale \u00ab Prima i nostri \u00bb du 25 septembre 2016, ont \u00e9t\u00e9 fortement influenc\u00e9s par la percep-tion que les citoyens tessinois ont des travailleurs frontaliers. Si une analyse des repr\u00e9sentations sociales montre que les frontaliers sont per\u00e7us par les citoyens tessinois soit comme un \u00ab probl\u00e8me \u00bb, soit comme une \u00ab ressource \u00bb, une partie significative d\u2019individus exprime une orientation ambivalente.&#8221;<\/section>\n<section class=\"resume\">\n<div id=\"articleSubject\" class=\"block\">\n<div><\/div>\n<div><strong>Mots-cl\u00e9s<\/strong> : Tessin, Suisse, comportement de vote, centre-p\u00e9riph\u00e9rie, r\u00e9gionalisme, travailleurs frontaliers<\/div>\n<div><\/div>\n<\/div>\n<div>&#8220;This contribution shows how, since the turn of the millennium, the issue of cross-border relations has been increasingly politicized in the Swiss Canton of Ticino, the sole canton situated entirely south of the Alps and bordering Italy. The increase in the number of cross-border workers is discussed in connection with the canton\u2019s socio-economic challenges, its relationship to Berne, the European question and the political and diplomatic controversies with Italy. The results of two popular votes \u2013 both the federal \u201cStop mass immi-gration\u201d initiative (voted upon on February 14th 2014) as well as the cantonal \u201cPrima I nostri\u201d, initiative (voted upon on September 25th 2015) \u2013 have been starkly influenced by the perception of cross-border workers by Ticinese citizens. The analysis of their social representations shows that cross-border workers are considered either as a \u201cproblem\u201d or a \u201cresource\u201d. Yet a significant share of citizens holds a more ambivalent opinion.&#8221;<\/div>\n<div><\/div>\n<\/section>\n<div><strong>Keywords : <\/strong>Ticino, Switzerland, voting behavior, centre-periphery, regionalism, cross-border workers<\/div>\n<section><\/section>\n<\/blockquote>\n","protected":false},"excerpt":{"rendered":"<p>Author(s) : Oscar Mazzoleni, Andrea Pilotti Source : https:\/\/serval.unil.ch\/notice\/serval:BIB_1A764E1CD102 Abstract:<\/p>\n","protected":false},"author":4,"featured_media":0,"comment_status":"open","ping_status":"open","sticky":false,"template":"","format":"standard","meta":{"_kadence_starter_templates_imported_post":false,"_kad_post_transparent":"","_kad_post_title":"","_kad_post_layout":"","_kad_post_sidebar_id":"","_kad_post_content_style":"","_kad_post_vertical_padding":"","_kad_post_feature":"","_kad_post_feature_position":"","_kad_post_header":false,"_kad_post_footer":false,"_kad_post_classname":"","jetpack_post_was_ever_published":false,"_jetpack_newsletter_access":"","_jetpack_dont_email_post_to_subs":false,"_jetpack_newsletter_tier_id":0,"_jetpack_memberships_contains_paywalled_content":false,"_jetpack_memberships_contains_paid_content":false,"footnotes":""},"categories":[12],"tags":[582,7,106,287,520,52,253,19,411,279,320,96],"class_list":["post-2781","post","type-post","status-publish","format-standard","hentry","category-politics","tag-582","tag-article","tag-border-controls","tag-commuters","tag-cross-border-workers","tag-french-language","tag-italy","tag-labour-market","tag-perception","tag-socioeconomic-factors","tag-ticino","tag-voting-behaviour"],"jetpack_featured_media_url":"","jetpack_sharing_enabled":true,"_links":{"self":[{"href":"https:\/\/swissmig.unine.ch\/index.php?rest_route=\/wp\/v2\/posts\/2781","targetHints":{"allow":["GET"]}}],"collection":[{"href":"https:\/\/swissmig.unine.ch\/index.php?rest_route=\/wp\/v2\/posts"}],"about":[{"href":"https:\/\/swissmig.unine.ch\/index.php?rest_route=\/wp\/v2\/types\/post"}],"author":[{"embeddable":true,"href":"https:\/\/swissmig.unine.ch\/index.php?rest_route=\/wp\/v2\/users\/4"}],"replies":[{"embeddable":true,"href":"https:\/\/swissmig.unine.ch\/index.php?rest_route=%2Fwp%2Fv2%2Fcomments&post=2781"}],"version-history":[{"count":0,"href":"https:\/\/swissmig.unine.ch\/index.php?rest_route=\/wp\/v2\/posts\/2781\/revisions"}],"wp:attachment":[{"href":"https:\/\/swissmig.unine.ch\/index.php?rest_route=%2Fwp%2Fv2%2Fmedia&parent=2781"}],"wp:term":[{"taxonomy":"category","embeddable":true,"href":"https:\/\/swissmig.unine.ch\/index.php?rest_route=%2Fwp%2Fv2%2Fcategories&post=2781"},{"taxonomy":"post_tag","embeddable":true,"href":"https:\/\/swissmig.unine.ch\/index.php?rest_route=%2Fwp%2Fv2%2Ftags&post=2781"}],"curies":[{"name":"wp","href":"https:\/\/api.w.org\/{rel}","templated":true}]}}