{"id":278,"date":"2017-08-17T21:30:09","date_gmt":"2017-08-17T20:30:09","guid":{"rendered":"https:\/\/swissmig.wordpress.com\/?p=278"},"modified":"2017-08-17T21:30:09","modified_gmt":"2017-08-17T20:30:09","slug":"imaginaire-colonial-empowerment-et-appropriation-dune-langue-seconde","status":"publish","type":"post","link":"https:\/\/swissmig.unine.ch\/?p=278","title":{"rendered":"Imaginaire colonial, empowerment et appropriation d\u2019une langue seconde"},"content":{"rendered":"<h3>Author(s) : Anne-Christel Zeiter<\/h3>\n<h3>Source : <a href=\"http:\/\/www.espe-guadeloupe.fr\/wp-content\/uploads\/2017\/02\/2_Article-Zeiter_RCD-8.pdf\" target=\"_blank\" rel=\"noopener\">http:\/\/www.espe-guadeloupe.fr\/wp-content\/uploads\/2017\/02\/2_Article-Zeiter_RCD-8.pdf<\/a><\/h3>\n<p><strong>Abstract: <\/strong><!--more--><\/p>\n<div>Se pencher sur la trajectoire d\u2019apprenant-e-s en langue seconde implique, pour comprendre le sens qu\u2019ils donnent \u00e0 leur appropriation langagi\u00e8re en fonction de leur exp\u00e9rience migratoire, de prendre en consid\u00e9ration leurs structurations socio-historiques. Le contexte post-colonial sera donc trait\u00e9 ici en tant qu\u2019interne \u00e0 l\u2019apprenant, et non en tant que contexte d\u2019apprentissage, et permettra une r\u00e9flexion sur l\u2019\u00e9volution des repr\u00e9sentations sociales individuelles dans une d\u00e9marche biographique r\u00e9flexive.<\/div>\n<div><\/div>\n<div>Examining second foreign language learners\u2019 trajectories aims atbetter understanding<\/div>\n<div>the links between language learning and migration. The trajectory must be conceived as<\/div>\n<div>anchored within a socio-historical context, as it is the case in this article. The post-colonial context will therefore be treated here as linked to the learner\u2019s trajectory, and<\/div>\n<div>not as the learning context of the second foreign language, which allows reconceptualising the evolution of individual social representations in a reflexive<\/div>\n<div>biographical approach.<\/div>\n<p>&nbsp;<\/p>\n","protected":false},"excerpt":{"rendered":"<p>Author(s) : Anne-Christel Zeiter Source : http:\/\/www.espe-guadeloupe.fr\/wp-content\/uploads\/2017\/02\/2_Article-Zeiter_RCD-8.pdf Abstract:<\/p>\n","protected":false},"author":4,"featured_media":0,"comment_status":"open","ping_status":"open","sticky":false,"template":"","format":"standard","meta":{"_kadence_starter_templates_imported_post":false,"_kad_post_transparent":"","_kad_post_title":"","_kad_post_layout":"","_kad_post_sidebar_id":"","_kad_post_content_style":"","_kad_post_vertical_padding":"","_kad_post_feature":"","_kad_post_feature_position":"","_kad_post_header":false,"_kad_post_footer":false,"_kad_post_classname":"","jetpack_post_was_ever_published":false,"_jetpack_newsletter_access":"","_jetpack_dont_email_post_to_subs":false,"_jetpack_newsletter_tier_id":0,"_jetpack_memberships_contains_paywalled_content":false,"_jetpack_memberships_contains_paid_content":false,"footnotes":""},"categories":[24],"tags":[14,7,50,52,65,66,67,68],"class_list":["post-278","post","type-post","status-publish","format-standard","hentry","category-society-family-racism","tag-14","tag-article","tag-asylum-seekers","tag-french-language","tag-language","tag-migration","tag-post-colonialism","tag-sociolinguistics"],"jetpack_featured_media_url":"","jetpack_sharing_enabled":true,"_links":{"self":[{"href":"https:\/\/swissmig.unine.ch\/index.php?rest_route=\/wp\/v2\/posts\/278","targetHints":{"allow":["GET"]}}],"collection":[{"href":"https:\/\/swissmig.unine.ch\/index.php?rest_route=\/wp\/v2\/posts"}],"about":[{"href":"https:\/\/swissmig.unine.ch\/index.php?rest_route=\/wp\/v2\/types\/post"}],"author":[{"embeddable":true,"href":"https:\/\/swissmig.unine.ch\/index.php?rest_route=\/wp\/v2\/users\/4"}],"replies":[{"embeddable":true,"href":"https:\/\/swissmig.unine.ch\/index.php?rest_route=%2Fwp%2Fv2%2Fcomments&post=278"}],"version-history":[{"count":0,"href":"https:\/\/swissmig.unine.ch\/index.php?rest_route=\/wp\/v2\/posts\/278\/revisions"}],"wp:attachment":[{"href":"https:\/\/swissmig.unine.ch\/index.php?rest_route=%2Fwp%2Fv2%2Fmedia&parent=278"}],"wp:term":[{"taxonomy":"category","embeddable":true,"href":"https:\/\/swissmig.unine.ch\/index.php?rest_route=%2Fwp%2Fv2%2Fcategories&post=278"},{"taxonomy":"post_tag","embeddable":true,"href":"https:\/\/swissmig.unine.ch\/index.php?rest_route=%2Fwp%2Fv2%2Ftags&post=278"}],"curies":[{"name":"wp","href":"https:\/\/api.w.org\/{rel}","templated":true}]}}