{"id":2761,"date":"2019-05-21T08:31:02","date_gmt":"2019-05-21T07:31:02","guid":{"rendered":"https:\/\/swissmig.wordpress.com\/?p=2761"},"modified":"2019-05-21T08:31:02","modified_gmt":"2019-05-21T07:31:02","slug":"frontieres-et-mobilite-au-quotidien-modes-de-vie-dans-lagglomeration-trinationale-de-bale","status":"publish","type":"post","link":"https:\/\/swissmig.unine.ch\/?p=2761","title":{"rendered":"Fronti\u00e8res et mobilit\u00e9 au quotidien: modes de vie dans l&#8217;agglom\u00e9ration trinationale de B\u00e2le"},"content":{"rendered":"<h3>Author(s) : Yann Dubois<\/h3>\n<h3>Source : <a href=\"https:\/\/infoscience.epfl.ch\/record\/264734\/files\/Frontieres_et_mobilite_au_quotidien_YD.pdf\" target=\"_blank\" rel=\"noopener noreferrer\">https:\/\/infoscience.epfl.ch\/record\/264734\/files\/Frontieres_et_mobilite_au_quotidien_YD.pdf<\/a><\/h3>\n<p><strong>Abstract: <\/strong><!--more--><\/p>\n<blockquote>\n<section id=\"resume-fr\" class=\"resume\">&#8220;L<span class=\"show-more-description\">e vote sur le \u00abBrexit\u00bb en juin 2016 au Royaume-Uni et le vote du 9 f\u00e9vrier 2014 en Suisse au sujet de \u00abl\u2019immigration de masse\u00bb ont port\u00e9 deux coups \u00e0 l\u2019id\u00e9e d\u2019une Europe o\u00f9 la mobilit\u00e9 \u00e0 travers les fronti\u00e8res serait libre d\u2019obstacles. Outre-Manche, la question de l\u2019immigration a constitu\u00e9 l\u2019un des principaux arguments utilis\u00e9s par les partisans de la sortie de l\u2019Union europ\u00e9enne. En Suisse, cette votation portait exclusivement sur la r\u00e9gulation et la r\u00e9duction des flux de personnes franchissant la fronti\u00e8re: les immigrants europ\u00e9ens et extra-europ\u00e9ens,mais aussi les travailleurs frontaliers1 en \u00e9taient la cible. Ces votes s\u2019inscrivent dans un contexte plus large de crise du mod\u00e8le \u00e9conomique mondialis\u00e9, avec le d\u00e9veloppement dans plusieurs pays europ\u00e9ens de mouvements nationalistes, anti-europ\u00e9ens et anti-immigration. Au-del\u00e0 des craintes suscit\u00e9es par la migration intra-europ\u00e9enne, le contexte actuel est marqu\u00e9 par la crise des migrants. Dans plusieurs pays europ\u00e9ens, des barri\u00e8res physiques sont construites aux fronti\u00e8res pour en emp\u00eacher le franchissement. D\u2019une mani\u00e8re g\u00e9n\u00e9rale, ces \u00e9volutions mettent \u00e0 mal l\u2019id\u00e9al europ\u00e9en et ont plac\u00e9 les questions de mobilit\u00e9 internationales et transfrontali\u00e8res au c\u0153ur des enjeux politiques.<\/span>&#8220;<\/section>\n<section><\/section>\n<\/blockquote>\n","protected":false},"excerpt":{"rendered":"<p>Author(s) : Yann Dubois Source : https:\/\/infoscience.epfl.ch\/record\/264734\/files\/Frontieres_et_mobilite_au_quotidien_YD.pdf Abstract:<\/p>\n","protected":false},"author":4,"featured_media":0,"comment_status":"open","ping_status":"open","sticky":false,"template":"","format":"standard","meta":{"_kadence_starter_templates_imported_post":false,"_kad_post_transparent":"","_kad_post_title":"","_kad_post_layout":"","_kad_post_sidebar_id":"","_kad_post_content_style":"","_kad_post_vertical_padding":"","_kad_post_feature":"","_kad_post_feature_position":"","_kad_post_header":false,"_kad_post_footer":false,"_kad_post_classname":"","jetpack_post_was_ever_published":false,"_jetpack_newsletter_access":"","_jetpack_dont_email_post_to_subs":false,"_jetpack_newsletter_tier_id":0,"_jetpack_memberships_contains_paywalled_content":false,"_jetpack_memberships_contains_paid_content":false,"footnotes":""},"categories":[109],"tags":[582,156,562,106,287,520,197,107,52,226,19,100,104,36,110,219,323],"class_list":["post-2761","post","type-post","status-publish","format-standard","hentry","category-human-geography","tag-582","tag-basel","tag-book","tag-border-controls","tag-commuters","tag-cross-border-workers","tag-france","tag-freedom-of-movement","tag-french-language","tag-germany","tag-labour-market","tag-labour-migration","tag-living-conditions","tag-migration-policy","tag-mobility","tag-thesis","tag-transit-migration"],"jetpack_featured_media_url":"","jetpack_sharing_enabled":true,"_links":{"self":[{"href":"https:\/\/swissmig.unine.ch\/index.php?rest_route=\/wp\/v2\/posts\/2761","targetHints":{"allow":["GET"]}}],"collection":[{"href":"https:\/\/swissmig.unine.ch\/index.php?rest_route=\/wp\/v2\/posts"}],"about":[{"href":"https:\/\/swissmig.unine.ch\/index.php?rest_route=\/wp\/v2\/types\/post"}],"author":[{"embeddable":true,"href":"https:\/\/swissmig.unine.ch\/index.php?rest_route=\/wp\/v2\/users\/4"}],"replies":[{"embeddable":true,"href":"https:\/\/swissmig.unine.ch\/index.php?rest_route=%2Fwp%2Fv2%2Fcomments&post=2761"}],"version-history":[{"count":0,"href":"https:\/\/swissmig.unine.ch\/index.php?rest_route=\/wp\/v2\/posts\/2761\/revisions"}],"wp:attachment":[{"href":"https:\/\/swissmig.unine.ch\/index.php?rest_route=%2Fwp%2Fv2%2Fmedia&parent=2761"}],"wp:term":[{"taxonomy":"category","embeddable":true,"href":"https:\/\/swissmig.unine.ch\/index.php?rest_route=%2Fwp%2Fv2%2Fcategories&post=2761"},{"taxonomy":"post_tag","embeddable":true,"href":"https:\/\/swissmig.unine.ch\/index.php?rest_route=%2Fwp%2Fv2%2Ftags&post=2761"}],"curies":[{"name":"wp","href":"https:\/\/api.w.org\/{rel}","templated":true}]}}