{"id":2751,"date":"2019-05-14T08:56:35","date_gmt":"2019-05-14T07:56:35","guid":{"rendered":"https:\/\/swissmig.wordpress.com\/?p=2751"},"modified":"2019-05-14T08:56:35","modified_gmt":"2019-05-14T07:56:35","slug":"normes-de-genre-et-dethnicite-dans-le-canton-du-valais-etude-de-cas","status":"publish","type":"post","link":"https:\/\/swissmig.unine.ch\/?p=2751","title":{"rendered":"Normes de genre et d&#8217;ethnicit\u00e9 dans le canton du Valais. \u00c9tude de cas"},"content":{"rendered":"<h3>Author(s) : Melissa Cavallo<\/h3>\n<h3>Source : <a href=\"https:\/\/archive-ouverte.unige.ch\/unige:115245\" target=\"_blank\" rel=\"noopener noreferrer\">https:\/\/archive-ouverte.unige.ch\/unige:115245<\/a><\/h3>\n<p><strong>Abstract: <\/strong><!--more--><\/p>\n<blockquote>\n<section id=\"resume-fr\" class=\"resume\">&#8220;Suite \u00e0 l\u2019observation, dans un service social, d\u2019une plus grande difficult\u00e9 d\u2019\u00abint\u00e9gration \u00bb socioprofessionnelle des femmes migrantes par rapport aux hommes migrants, je questionne dans ce travail la reproduction \u2013 au travers des dispositifs administratifs, des offres de mesures mais aussi de l\u2019accompagnement par les services sociaux \u2013 de la division sexu\u00e9e et ethnicis\u00e9e de l\u2019\u00ab int\u00e9gration \u00bb.<br \/>\nL\u2019acc\u00e8s \u00e0 l\u2019\u00ab int\u00e9gration \u00bb est rendu plus difficile pour ces femmes qui, par exemple, se heurtent \u00e0 des obstacles repoussant la mise en place des mesures. Ces freins ne concernent pas ou peu les hommes migrants. Une partie des in\u00e9galit\u00e9s d\u2019acc\u00e8s \u00e0 la r\u00e9insertion professionnelle semble donc \u00eatre directement cr\u00e9\u00e9e par le syst\u00e8me et reproduite par les travailleurs et travailleuses. Les raisons de ces in\u00e9galit\u00e9s sont questionn\u00e9es dans ce travail au travers notamment du sexisme que les professionnel-le-s attribueraient aux populations issues de la migration et qui tendrait \u00e0 regrouper les femmes migrantes dans une cat\u00e9gorie de personnes victimes et passives. De plus, ces in\u00e9galit\u00e9s sont \u00e9galement analys\u00e9es sous l\u2019angle de la division sexu\u00e9e de l\u2019emploi, rendant l\u2019acc\u00e8s au travail r\u00e9mun\u00e9r\u00e9 plus difficile pour les femmes. Pour finir, les dispositifs d\u2019\u00ab int\u00e9gration \u00bb eux-m\u00eames sont remis en question dans cette analyse. Trois institutions ainsi que plusieurs professionnel-le-s ont \u00e9t\u00e9 questionn\u00e9-e-s sur l\u2019accompagnement et les dispositifs utilis\u00e9s dans l\u2019 \u00ab\u00a0 int\u00e9gration \u00bb de personnes r\u00e9fugi\u00e9es ayant \u00e9t\u00e9 ou \u00e9tant \u00e0 l\u2019aide sociale.&#8221;<\/section>\n<\/blockquote>\n","protected":false},"excerpt":{"rendered":"<p>Author(s) : Melissa Cavallo Source : https:\/\/archive-ouverte.unige.ch\/unige:115245 Abstract:<\/p>\n","protected":false},"author":4,"featured_media":0,"comment_status":"open","ping_status":"open","sticky":false,"template":"","format":"standard","meta":{"_kadence_starter_templates_imported_post":false,"_kad_post_transparent":"","_kad_post_title":"","_kad_post_layout":"","_kad_post_sidebar_id":"","_kad_post_content_style":"","_kad_post_vertical_padding":"","_kad_post_feature":"","_kad_post_feature_position":"","_kad_post_header":false,"_kad_post_footer":false,"_kad_post_classname":"","jetpack_post_was_ever_published":false,"_jetpack_newsletter_access":"","_jetpack_dont_email_post_to_subs":false,"_jetpack_newsletter_tier_id":0,"_jetpack_memberships_contains_paywalled_content":false,"_jetpack_memberships_contains_paid_content":false,"footnotes":""},"categories":[167],"tags":[582,362,37,8,176,79,259,52,148,154,319,103,449,91,314,401,369,201],"class_list":["post-2751","post","type-post","status-publish","format-standard","hentry","category-ethnicity-languages-religion-arts","tag-582","tag-access-to-employment","tag-attitudes-towards-migrants","tag-case-study","tag-economic-integration","tag-equal-opportunities","tag-ethnicity","tag-french-language","tag-gender","tag-interviews","tag-master-thesis","tag-refugees","tag-sex-discrimination","tag-social-integration","tag-social-services","tag-social-workers","tag-valais","tag-women"],"jetpack_featured_media_url":"","jetpack_sharing_enabled":true,"_links":{"self":[{"href":"https:\/\/swissmig.unine.ch\/index.php?rest_route=\/wp\/v2\/posts\/2751","targetHints":{"allow":["GET"]}}],"collection":[{"href":"https:\/\/swissmig.unine.ch\/index.php?rest_route=\/wp\/v2\/posts"}],"about":[{"href":"https:\/\/swissmig.unine.ch\/index.php?rest_route=\/wp\/v2\/types\/post"}],"author":[{"embeddable":true,"href":"https:\/\/swissmig.unine.ch\/index.php?rest_route=\/wp\/v2\/users\/4"}],"replies":[{"embeddable":true,"href":"https:\/\/swissmig.unine.ch\/index.php?rest_route=%2Fwp%2Fv2%2Fcomments&post=2751"}],"version-history":[{"count":0,"href":"https:\/\/swissmig.unine.ch\/index.php?rest_route=\/wp\/v2\/posts\/2751\/revisions"}],"wp:attachment":[{"href":"https:\/\/swissmig.unine.ch\/index.php?rest_route=%2Fwp%2Fv2%2Fmedia&parent=2751"}],"wp:term":[{"taxonomy":"category","embeddable":true,"href":"https:\/\/swissmig.unine.ch\/index.php?rest_route=%2Fwp%2Fv2%2Fcategories&post=2751"},{"taxonomy":"post_tag","embeddable":true,"href":"https:\/\/swissmig.unine.ch\/index.php?rest_route=%2Fwp%2Fv2%2Ftags&post=2751"}],"curies":[{"name":"wp","href":"https:\/\/api.w.org\/{rel}","templated":true}]}}