{"id":2745,"date":"2019-05-08T09:44:08","date_gmt":"2019-05-08T08:44:08","guid":{"rendered":"https:\/\/swissmig.wordpress.com\/?p=2745"},"modified":"2019-05-08T09:44:08","modified_gmt":"2019-05-08T08:44:08","slug":"al-confine-di-chiasso-regards-sur-levolution-du-travail-du-corps-des-gardes-frontiere-tessinois-et-son-impact-sur-le-controle-migratoire","status":"publish","type":"post","link":"https:\/\/swissmig.unine.ch\/?p=2745","title":{"rendered":"Al confine di Chiasso : regards sur l&#8217;\u00e9volution du travail du Corps des gardes-fronti\u00e8re tessinois et son impact sur le contr\u00f4le migratoire"},"content":{"rendered":"<h3>Author(s) : Nicole Lacarbonara<\/h3>\n<h3>Source : <a href=\"https:\/\/libra.unine.ch\/handle\/123456789\/3095\" target=\"_blank\" rel=\"noopener noreferrer\">https:\/\/libra.unine.ch\/handle\/123456789\/3095<\/a><\/h3>\n<p><strong>Abstract: <\/strong><!--more--><\/p>\n<blockquote>\n<section id=\"resume-fr\" class=\"resume\">&#8220;Ce m\u00e9moire de master analyse l\u2019\u00e9volution du travail des gardes-fronti\u00e8re \u00e0 la fronti\u00e8re de la zone de Mendrisio (Tessin) des ann\u00e9es 1990 \u00e0 ce jour. Plus particuli\u00e8rement, il s\u2019agit d\u2019\u00e9tudier l\u2019\u00e9volution des t\u00e2ches et leurs applications par l\u2019examen du discours et des souvenirs des gardes-fronti\u00e8re qui ont partag\u00e9 avec moi leur exp\u00e9rience de terrain. Apr\u00e8s avoir identifi\u00e9 les diff\u00e9rentes proc\u00e9dures impliquant la ma\u00eetrise du travail des agent\u00b7e\u00b7s dans la zone fronti\u00e8re, l\u2019attention a \u00e9t\u00e9 port\u00e9e de mani\u00e8re factuelle et d\u00e9taill\u00e9e sur les pratiques de surveillance d\u00e9crites par les gardes. Ceci a permis d\u2019apporter un regard sur les tensions existant entre l\u2019ouverture d\u2019une fronti\u00e8re \u2013 avec l\u2019entr\u00e9e de la Suisse dans l\u2019espace Schengen \u2013 et sa fermeture \u2013 avec la n\u00e9cessit\u00e9 d\u2019imposer un contr\u00f4le de passage par les gardes-fronti\u00e8re \u2013. De plus, ce travail de m\u00e9moire s\u2019int\u00e9resse \u00e0 la mani\u00e8re dont une personne migrante est prise en charge ; particuli\u00e8rement par l\u2019examen de deux dimensions : lors d\u2019une r\u00e9admission en Italie ou lors du d\u00e9p\u00f4t d\u2019une demande d\u2019asile en Suisse.&#8221;<\/section>\n<section><strong>Mots cl\u00e9s:<\/strong> Tessin\u00a0; migration\u00a0; fronti\u00e8res\u00a0; gardes-fronti\u00e8res\u00a0; contr\u00f4le\u00a0; technologie\u00a0; s\u00e9curit\u00e9-s\u00e9curitisation\u00a0; street-level bureaucrats\u00a0; pouvoir discr\u00e9tionnaire\u00a0; Droit d\u2019asile et Schengen<\/section>\n<\/blockquote>\n","protected":false},"excerpt":{"rendered":"<p>Author(s) : Nicole Lacarbonara Source : https:\/\/libra.unine.ch\/handle\/123456789\/3095 Abstract:<\/p>\n","protected":false},"author":4,"featured_media":0,"comment_status":"open","ping_status":"open","sticky":false,"template":"","format":"standard","meta":{"_kadence_starter_templates_imported_post":false,"_kad_post_transparent":"","_kad_post_title":"","_kad_post_layout":"","_kad_post_sidebar_id":"","_kad_post_content_style":"","_kad_post_vertical_padding":"","_kad_post_feature":"","_kad_post_feature_position":"","_kad_post_header":false,"_kad_post_footer":false,"_kad_post_classname":"","jetpack_post_was_ever_published":false,"_jetpack_newsletter_access":"","_jetpack_dont_email_post_to_subs":false,"_jetpack_newsletter_tier_id":0,"_jetpack_memberships_contains_paywalled_content":false,"_jetpack_memberships_contains_paid_content":false,"footnotes":""},"categories":[24],"tags":[582,111,49,106,450,270,52,98,319,623,90,211,212,621,320,158],"class_list":["post-2745","post","type-post","status-publish","format-standard","hentry","category-society-family-racism","tag-582","tag-asylum-applications","tag-asylum-policy","tag-border-controls","tag-dublin-convention","tag-forcible-return","tag-french-language","tag-immigration-policy","tag-master-thesis","tag-police","tag-reception-policy","tag-schengen-convention","tag-security","tag-street-level-bureaucracy","tag-ticino","tag-working-conditions"],"jetpack_featured_media_url":"","jetpack_sharing_enabled":true,"_links":{"self":[{"href":"https:\/\/swissmig.unine.ch\/index.php?rest_route=\/wp\/v2\/posts\/2745","targetHints":{"allow":["GET"]}}],"collection":[{"href":"https:\/\/swissmig.unine.ch\/index.php?rest_route=\/wp\/v2\/posts"}],"about":[{"href":"https:\/\/swissmig.unine.ch\/index.php?rest_route=\/wp\/v2\/types\/post"}],"author":[{"embeddable":true,"href":"https:\/\/swissmig.unine.ch\/index.php?rest_route=\/wp\/v2\/users\/4"}],"replies":[{"embeddable":true,"href":"https:\/\/swissmig.unine.ch\/index.php?rest_route=%2Fwp%2Fv2%2Fcomments&post=2745"}],"version-history":[{"count":0,"href":"https:\/\/swissmig.unine.ch\/index.php?rest_route=\/wp\/v2\/posts\/2745\/revisions"}],"wp:attachment":[{"href":"https:\/\/swissmig.unine.ch\/index.php?rest_route=%2Fwp%2Fv2%2Fmedia&parent=2745"}],"wp:term":[{"taxonomy":"category","embeddable":true,"href":"https:\/\/swissmig.unine.ch\/index.php?rest_route=%2Fwp%2Fv2%2Fcategories&post=2745"},{"taxonomy":"post_tag","embeddable":true,"href":"https:\/\/swissmig.unine.ch\/index.php?rest_route=%2Fwp%2Fv2%2Ftags&post=2745"}],"curies":[{"name":"wp","href":"https:\/\/api.w.org\/{rel}","templated":true}]}}