{"id":2733,"date":"2019-05-02T10:14:41","date_gmt":"2019-05-02T09:14:41","guid":{"rendered":"https:\/\/swissmig.wordpress.com\/?p=2733"},"modified":"2019-05-02T10:14:41","modified_gmt":"2019-05-02T09:14:41","slug":"au-coeur-des-politiques-dasile-perspectives-ethnographiques","status":"publish","type":"post","link":"https:\/\/swissmig.unine.ch\/?p=2733","title":{"rendered":"Au coeur des politiques d\u2019asile : perspectives ethnographiques"},"content":{"rendered":"<h3>Author(s) : Sule Tomkinson, Jonathan Miaz<\/h3>\n<h3>Source : <a href=\"https:\/\/doi.org\/10.7202\/1058288ar\" target=\"_blank\" rel=\"noopener noreferrer\">https:\/\/doi.org\/10.7202\/1058288ar<\/a><\/h3>\n<p><strong>Abstract: <\/strong><!--more--><\/p>\n<blockquote>\n<section id=\"Abs1\" class=\"Abstract\" lang=\"en\">&#8220;L\u2019actualit\u00e9 m\u00e9diatique r\u00e9currente de la question des r\u00e9fugi\u00e9s et sa centralit\u00e9 dans les d\u00e9bats politiques contrastent avec la connaissance limit\u00e9e des proc\u00e9dures et des pratiques \u00e0 travers lesquelles les \u00c9tats d\u00e9cident qui a droit au statut de r\u00e9fugi\u00e9. Ce num\u00e9ro sp\u00e9cial de <em>Politique et Soci\u00e9t\u00e9s<\/em> apporte une contribution \u00e0 la compr\u00e9hension des politiques d\u2019asile \u00ab\u00a0par le bas\u00a0\u00bb, c\u2019est-\u00e0-dire \u00e0 partir des pratiques et des repr\u00e9sentations de diff\u00e9rents acteurs directement impliqu\u00e9s dans leur mise en oeuvre. Il propose un regard comparatif relatif aux acteurs concern\u00e9s, aux institutions et aux pratiques de l\u2019administration en charge de l\u2019asile dans diff\u00e9rents pays europ\u00e9ens (Belgique, France, Norv\u00e8ge, Suisse), au Canada et en \u00c9gypte.&#8221;<\/section>\n<section class=\"Abstract\" lang=\"en\">\n<section id=\"resume-fr\" class=\"resume\">\n<div class=\"keywords\">\n<p>&nbsp;<\/p>\n<p><strong> Mots-cl\u00e9s\u00a0: <\/strong>politiques d\u2019asile, immigration, demandeur d\u2019asile, r\u00e9fugi\u00e9<\/p>\n<\/div>\n<\/section>\n<section id=\"resume-en\" class=\"resume\">\n<h3>Abstract<\/h3>\n<p>&#8220;The recurrent media attention to the question of refugees and its centrality in political debates are in contrast with the limited knowledge of the procedures and practices through which states decide who qualifies for refugee status. This <em>Politique et Soci\u00e9t\u00e9s<\/em> special issue contributes to the understanding of asylum policies through \u201cbottom-up\u201d approaches, starting from the practices and representations of actors directly involved in their implementation. It takes a comparative look at the various stakeholders, institutions, and practices dealing with asylum administration in different European countries (Belgium, France, Norway, Switzerland), Canada, and Egypt.&#8221;<\/p>\n<p><strong>Keywords: <\/strong>asylum policies, immigration, asylum applicant, refugee<\/p>\n<\/section>\n<\/section>\n<\/blockquote>\n<p>&nbsp;<\/p>\n","protected":false},"excerpt":{"rendered":"<p>Author(s) : Sule Tomkinson, Jonathan Miaz Source : https:\/\/doi.org\/10.7202\/1058288ar Abstract:<\/p>\n","protected":false},"author":4,"featured_media":0,"comment_status":"open","ping_status":"open","sticky":false,"template":"","format":"standard","meta":{"_kadence_starter_templates_imported_post":false,"_kad_post_transparent":"","_kad_post_title":"","_kad_post_layout":"","_kad_post_sidebar_id":"","_kad_post_content_style":"","_kad_post_vertical_padding":"","_kad_post_feature":"","_kad_post_feature_position":"","_kad_post_header":false,"_kad_post_footer":false,"_kad_post_classname":"","jetpack_post_was_ever_published":false,"_jetpack_newsletter_access":"","_jetpack_dont_email_post_to_subs":false,"_jetpack_newsletter_tier_id":0,"_jetpack_memberships_contains_paywalled_content":false,"_jetpack_memberships_contains_paid_content":false,"footnotes":""},"categories":[12],"tags":[582,7,111,49,50,76,57,620,58,52,103],"class_list":["post-2733","post","type-post","status-publish","format-standard","hentry","category-politics","tag-582","tag-article","tag-asylum-applications","tag-asylum-policy","tag-asylum-seekers","tag-canada","tag-comparative-analysis","tag-egypt","tag-europe","tag-french-language","tag-refugees"],"jetpack_featured_media_url":"","jetpack_sharing_enabled":true,"_links":{"self":[{"href":"https:\/\/swissmig.unine.ch\/index.php?rest_route=\/wp\/v2\/posts\/2733","targetHints":{"allow":["GET"]}}],"collection":[{"href":"https:\/\/swissmig.unine.ch\/index.php?rest_route=\/wp\/v2\/posts"}],"about":[{"href":"https:\/\/swissmig.unine.ch\/index.php?rest_route=\/wp\/v2\/types\/post"}],"author":[{"embeddable":true,"href":"https:\/\/swissmig.unine.ch\/index.php?rest_route=\/wp\/v2\/users\/4"}],"replies":[{"embeddable":true,"href":"https:\/\/swissmig.unine.ch\/index.php?rest_route=%2Fwp%2Fv2%2Fcomments&post=2733"}],"version-history":[{"count":0,"href":"https:\/\/swissmig.unine.ch\/index.php?rest_route=\/wp\/v2\/posts\/2733\/revisions"}],"wp:attachment":[{"href":"https:\/\/swissmig.unine.ch\/index.php?rest_route=%2Fwp%2Fv2%2Fmedia&parent=2733"}],"wp:term":[{"taxonomy":"category","embeddable":true,"href":"https:\/\/swissmig.unine.ch\/index.php?rest_route=%2Fwp%2Fv2%2Fcategories&post=2733"},{"taxonomy":"post_tag","embeddable":true,"href":"https:\/\/swissmig.unine.ch\/index.php?rest_route=%2Fwp%2Fv2%2Ftags&post=2733"}],"curies":[{"name":"wp","href":"https:\/\/api.w.org\/{rel}","templated":true}]}}