{"id":2729,"date":"2019-05-02T09:52:30","date_gmt":"2019-05-02T08:52:30","guid":{"rendered":"https:\/\/swissmig.wordpress.com\/?p=2729"},"modified":"2019-05-02T09:52:30","modified_gmt":"2019-05-02T08:52:30","slug":"diaboliser-les-migrants-ou-dediaboliser-le-parti-lanalyse-du-discours-du-fn-et-de-ludc-sur-les-migrants","status":"publish","type":"post","link":"https:\/\/swissmig.unine.ch\/?p=2729","title":{"rendered":"Diaboliser les migrants ou d\u00e9diaboliser le parti ? L\u2019analyse du discours du FN et de l\u2019UDC sur les migrants"},"content":{"rendered":"<h3>Author(s) : S. Issel-Dombert, A. Widers-Loh\u00e9ac<\/h3>\n<h3>Source : <a href=\"https:\/\/www.stockholmuniversitypress.se\/site\/chapters\/10.16993\/bax.l\/\" target=\"_blank\" rel=\"noopener noreferrer\">https:\/\/www.stockholmuniversitypress.se\/site\/chapters\/10.16993\/bax.l\/<\/a><\/h3>\n<p><strong>Abstract: <\/strong><!--more--><\/p>\n<blockquote>\n<section id=\"Abs1\" class=\"Abstract\" lang=\"en\">&#8220;Consid\u00e9rant le succ\u00e8s de ces strat\u00e9gies rh\u00e9toriques oppos\u00e9es de ces deux partis d\u2019extr\u00eame droite pour conqu\u00e9rir les \u00e9lecteurs, le but de cet article est de comparer leurs diff\u00e9rents discours concernant un sujet actuel et tr\u00e8s discut\u00e9 : la crise provoqu\u00e9e par l\u2019afflux des immigr\u00e9s. Une analyse des topo\u00ef (chapitres 2.3 et 3) nous permettra d\u2019identifier les \u00e9l\u00e9ments en commun ainsi que les diff\u00e9rences entre les structures argumentatives des partis de droite des deux pays. Nous nous basons sur la th\u00e9orie de Martin Wengeler qui a op\u00e9rationnalis\u00e9 le terme aristot\u00e9licien du topos pour d\u00e9celer les structures argumentatives (chapitre 2.2).&#8221;<\/section>\n<\/blockquote>\n<p>&nbsp;<\/p>\n","protected":false},"excerpt":{"rendered":"<p>Author(s) : S. Issel-Dombert, A. Widers-Loh\u00e9ac Source : https:\/\/www.stockholmuniversitypress.se\/site\/chapters\/10.16993\/bax.l\/ Abstract:<\/p>\n","protected":false},"author":4,"featured_media":0,"comment_status":"open","ping_status":"open","sticky":false,"template":"","format":"standard","meta":{"_kadence_starter_templates_imported_post":false,"_kad_post_transparent":"","_kad_post_title":"","_kad_post_layout":"","_kad_post_sidebar_id":"","_kad_post_content_style":"","_kad_post_vertical_padding":"","_kad_post_feature":"","_kad_post_feature_position":"","_kad_post_header":false,"_kad_post_footer":false,"_kad_post_classname":"","jetpack_post_was_ever_published":false,"_jetpack_newsletter_access":"","_jetpack_dont_email_post_to_subs":false,"_jetpack_newsletter_tier_id":0,"_jetpack_memberships_contains_paywalled_content":false,"_jetpack_memberships_contains_paid_content":false,"footnotes":""},"categories":[167],"tags":[582,32,57,152,197,52,65,95,254,68],"class_list":["post-2729","post","type-post","status-publish","format-standard","hentry","category-ethnicity-languages-religion-arts","tag-582","tag-book-chapter","tag-comparative-analysis","tag-discourse","tag-france","tag-french-language","tag-language","tag-populism","tag-right-wing-radicalism","tag-sociolinguistics"],"jetpack_featured_media_url":"","jetpack_sharing_enabled":true,"_links":{"self":[{"href":"https:\/\/swissmig.unine.ch\/index.php?rest_route=\/wp\/v2\/posts\/2729","targetHints":{"allow":["GET"]}}],"collection":[{"href":"https:\/\/swissmig.unine.ch\/index.php?rest_route=\/wp\/v2\/posts"}],"about":[{"href":"https:\/\/swissmig.unine.ch\/index.php?rest_route=\/wp\/v2\/types\/post"}],"author":[{"embeddable":true,"href":"https:\/\/swissmig.unine.ch\/index.php?rest_route=\/wp\/v2\/users\/4"}],"replies":[{"embeddable":true,"href":"https:\/\/swissmig.unine.ch\/index.php?rest_route=%2Fwp%2Fv2%2Fcomments&post=2729"}],"version-history":[{"count":0,"href":"https:\/\/swissmig.unine.ch\/index.php?rest_route=\/wp\/v2\/posts\/2729\/revisions"}],"wp:attachment":[{"href":"https:\/\/swissmig.unine.ch\/index.php?rest_route=%2Fwp%2Fv2%2Fmedia&parent=2729"}],"wp:term":[{"taxonomy":"category","embeddable":true,"href":"https:\/\/swissmig.unine.ch\/index.php?rest_route=%2Fwp%2Fv2%2Fcategories&post=2729"},{"taxonomy":"post_tag","embeddable":true,"href":"https:\/\/swissmig.unine.ch\/index.php?rest_route=%2Fwp%2Fv2%2Ftags&post=2729"}],"curies":[{"name":"wp","href":"https:\/\/api.w.org\/{rel}","templated":true}]}}