{"id":2718,"date":"2019-04-23T14:11:19","date_gmt":"2019-04-23T13:11:19","guid":{"rendered":"https:\/\/swissmig.wordpress.com\/?p=2718"},"modified":"2019-04-23T14:11:19","modified_gmt":"2019-04-23T13:11:19","slug":"representations-sociales-dans-les-alpes-valaisannes-accueil-discute-dun-centre-pour-requerantes-dasile","status":"publish","type":"post","link":"https:\/\/swissmig.unine.ch\/?p=2718","title":{"rendered":"Repr\u00e9sentations sociales dans les Alpes valaisannes: accueil discut\u00e9 d&#8217;un centre pour requ\u00e9rant(e)s d&#8217;asile"},"content":{"rendered":"<h3>Author(s) : Micha\u00ebl Pointet<\/h3>\n<h3>Source : <a href=\"https:\/\/libra.unine.ch\/handle\/123456789\/3004\" target=\"_blank\" rel=\"noopener noreferrer\">https:\/\/libra.unine.ch\/handle\/123456789\/3004<\/a><\/h3>\n<p><strong>Abstract: <\/strong><!--more--><\/p>\n<blockquote>\n<section id=\"Abs1\" class=\"Abstract\" lang=\"en\">&#8220;Ce travail de m\u00e9moire s\u2019int\u00e9resse \u00e0 la construction et la transformation de repr\u00e9sentations sociales dans les processus communicationnels. Plus pr\u00e9cis\u00e9ment, il porte sur les repr\u00e9sentations de villageois ordinaires vis-\u00e0-vis de l\u2019ouverture de deux centres d\u2019accueil pour requ\u00e9rant\u22c5e\u22c5s d\u2019asile dans des villages de montagnes du Valais central. Le sujet est abord\u00e9 dans une perspective dialogique qui repose en partie sur les travaux de Mikhail Bakhtin. La d\u00e9marche vise \u00e0 identifier des pr\u00e9suppos\u00e9s culturels de la pens\u00e9e de sens-commun, \u00e0 savoir les connaissances consid\u00e9r\u00e9es comme acquises qui, de par leur th\u00e9matisation dans les discours, conduisent \u00e0 la construction de repr\u00e9sentations sociales. L\u2019attention est aussi port\u00e9e sur le r\u00f4le de repr\u00e9sentations dites alternatives, soit l\u2019id\u00e9e qu\u2019untel attribue \u00e0 quelqu\u2019un d\u2019autre, ainsi que des barri\u00e8res s\u00e9mantiques qui inhibent ces derni\u00e8res.&#8221;<\/section>\n<\/blockquote>\n","protected":false},"excerpt":{"rendered":"<p>Author(s) : Micha\u00ebl Pointet Source : https:\/\/libra.unine.ch\/handle\/123456789\/3004 Abstract:<\/p>\n","protected":false},"author":4,"featured_media":0,"comment_status":"open","ping_status":"open","sticky":false,"template":"","format":"standard","meta":{"_kadence_starter_templates_imported_post":false,"_kad_post_transparent":"","_kad_post_title":"","_kad_post_layout":"","_kad_post_sidebar_id":"","_kad_post_content_style":"","_kad_post_vertical_padding":"","_kad_post_feature":"","_kad_post_feature_position":"","_kad_post_header":false,"_kad_post_footer":false,"_kad_post_classname":"","jetpack_post_was_ever_published":false,"_jetpack_newsletter_access":"","_jetpack_dont_email_post_to_subs":false,"_jetpack_newsletter_tier_id":0,"_jetpack_memberships_contains_paywalled_content":false,"_jetpack_memberships_contains_paid_content":false,"footnotes":""},"categories":[24],"tags":[582,50,37,52,319,531,90,617,91,369],"class_list":["post-2718","post","type-post","status-publish","format-standard","hentry","category-society-family-racism","tag-582","tag-asylum-seekers","tag-attitudes-towards-migrants","tag-french-language","tag-master-thesis","tag-population-dynamics","tag-reception-policy","tag-refugee-centres","tag-social-integration","tag-valais"],"jetpack_featured_media_url":"","jetpack_sharing_enabled":true,"_links":{"self":[{"href":"https:\/\/swissmig.unine.ch\/index.php?rest_route=\/wp\/v2\/posts\/2718","targetHints":{"allow":["GET"]}}],"collection":[{"href":"https:\/\/swissmig.unine.ch\/index.php?rest_route=\/wp\/v2\/posts"}],"about":[{"href":"https:\/\/swissmig.unine.ch\/index.php?rest_route=\/wp\/v2\/types\/post"}],"author":[{"embeddable":true,"href":"https:\/\/swissmig.unine.ch\/index.php?rest_route=\/wp\/v2\/users\/4"}],"replies":[{"embeddable":true,"href":"https:\/\/swissmig.unine.ch\/index.php?rest_route=%2Fwp%2Fv2%2Fcomments&post=2718"}],"version-history":[{"count":0,"href":"https:\/\/swissmig.unine.ch\/index.php?rest_route=\/wp\/v2\/posts\/2718\/revisions"}],"wp:attachment":[{"href":"https:\/\/swissmig.unine.ch\/index.php?rest_route=%2Fwp%2Fv2%2Fmedia&parent=2718"}],"wp:term":[{"taxonomy":"category","embeddable":true,"href":"https:\/\/swissmig.unine.ch\/index.php?rest_route=%2Fwp%2Fv2%2Fcategories&post=2718"},{"taxonomy":"post_tag","embeddable":true,"href":"https:\/\/swissmig.unine.ch\/index.php?rest_route=%2Fwp%2Fv2%2Ftags&post=2718"}],"curies":[{"name":"wp","href":"https:\/\/api.w.org\/{rel}","templated":true}]}}