{"id":2714,"date":"2019-04-23T13:54:35","date_gmt":"2019-04-23T12:54:35","guid":{"rendered":"https:\/\/swissmig.wordpress.com\/?p=2714"},"modified":"2019-04-23T13:54:35","modified_gmt":"2019-04-23T12:54:35","slug":"injonction-a-lintegration-et-citoyennete-pour-les-musulmans-en-suisse-une-relation-paradoxale","status":"publish","type":"post","link":"https:\/\/swissmig.unine.ch\/?p=2714","title":{"rendered":"Injonction \u00e0 l&#8217;int\u00e9gration et citoyennet\u00e9 pour les musulmans en Suisse. Une relation paradoxale"},"content":{"rendered":"<h3>Author(s) : Matteo Gianni<\/h3>\n<h3>Source : <a href=\"https:\/\/archive-ouverte.unige.ch\/unige:116482\/\" target=\"_blank\" rel=\"noopener noreferrer\">https:\/\/archive-ouverte.unige.ch\/unige:116482\/<\/a><\/h3>\n<p><strong>Abstract: <\/strong><!--more--><\/p>\n<blockquote>\n<section id=\"Abs1\" class=\"Abstract\" lang=\"en\">&#8220;La l\u00e9gitimit\u00e9 et la stabilit\u00e9 du syst\u00e8me politique suisse sont largement tributaires d&#8217;un mod\u00e8le de citoyennet\u00e9 participative et de d\u00e9mocratie semi-directe \u00e0 diff\u00e9rents<br \/>\nniveaux qui ont historiquement entra\u00een\u00e9 l&#8217;exigence de la part des \u00e9lites politiques de trouver des arrangements et des compromis. Ceci a permis de promouvoir des formes d&#8217;int\u00e9gration d\u00e9mocratique effectives, qui font de la Suisse un exemple<br \/>\nparadigmatique de mod\u00e8le r\u00e9ussi de gestion du pluralisme culturel originaire (\u00e0 savoir la pluralit\u00e9 ethnolinguistique et religieuse propre \u00e0 la Suisse).&#8221;<\/section>\n<\/blockquote>\n<p>&nbsp;<\/p>\n","protected":false},"excerpt":{"rendered":"<p>Author(s) : Matteo Gianni Source : https:\/\/archive-ouverte.unige.ch\/unige:116482\/ Abstract:<\/p>\n","protected":false},"author":4,"featured_media":0,"comment_status":"open","ping_status":"open","sticky":false,"template":"","format":"standard","meta":{"_kadence_starter_templates_imported_post":false,"_kad_post_transparent":"","_kad_post_title":"","_kad_post_layout":"","_kad_post_sidebar_id":"","_kad_post_content_style":"","_kad_post_vertical_padding":"","_kad_post_feature":"","_kad_post_feature_position":"","_kad_post_header":false,"_kad_post_footer":false,"_kad_post_classname":"","jetpack_post_was_ever_published":false,"_jetpack_newsletter_access":"","_jetpack_dont_email_post_to_subs":false,"_jetpack_newsletter_tier_id":0,"_jetpack_memberships_contains_paywalled_content":false,"_jetpack_memberships_contains_paid_content":false,"footnotes":""},"categories":[167],"tags":[582,32,70,121,52,180,116,168,91],"class_list":["post-2714","post","type-post","status-publish","format-standard","hentry","category-ethnicity-languages-religion-arts","tag-582","tag-book-chapter","tag-citizenship","tag-ethnic-minorities","tag-french-language","tag-multiculturalism","tag-muslims","tag-religious-practice","tag-social-integration"],"jetpack_featured_media_url":"","jetpack_sharing_enabled":true,"_links":{"self":[{"href":"https:\/\/swissmig.unine.ch\/index.php?rest_route=\/wp\/v2\/posts\/2714","targetHints":{"allow":["GET"]}}],"collection":[{"href":"https:\/\/swissmig.unine.ch\/index.php?rest_route=\/wp\/v2\/posts"}],"about":[{"href":"https:\/\/swissmig.unine.ch\/index.php?rest_route=\/wp\/v2\/types\/post"}],"author":[{"embeddable":true,"href":"https:\/\/swissmig.unine.ch\/index.php?rest_route=\/wp\/v2\/users\/4"}],"replies":[{"embeddable":true,"href":"https:\/\/swissmig.unine.ch\/index.php?rest_route=%2Fwp%2Fv2%2Fcomments&post=2714"}],"version-history":[{"count":0,"href":"https:\/\/swissmig.unine.ch\/index.php?rest_route=\/wp\/v2\/posts\/2714\/revisions"}],"wp:attachment":[{"href":"https:\/\/swissmig.unine.ch\/index.php?rest_route=%2Fwp%2Fv2%2Fmedia&parent=2714"}],"wp:term":[{"taxonomy":"category","embeddable":true,"href":"https:\/\/swissmig.unine.ch\/index.php?rest_route=%2Fwp%2Fv2%2Fcategories&post=2714"},{"taxonomy":"post_tag","embeddable":true,"href":"https:\/\/swissmig.unine.ch\/index.php?rest_route=%2Fwp%2Fv2%2Ftags&post=2714"}],"curies":[{"name":"wp","href":"https:\/\/api.w.org\/{rel}","templated":true}]}}