{"id":2694,"date":"2019-04-02T08:38:22","date_gmt":"2019-04-02T07:38:22","guid":{"rendered":"https:\/\/swissmig.wordpress.com\/?p=2694"},"modified":"2019-04-02T08:38:22","modified_gmt":"2019-04-02T07:38:22","slug":"les-effets-de-la-premiere-guerre-mondiale-sur-lintegration-des-etrangers-en-suisse","status":"publish","type":"post","link":"https:\/\/swissmig.unine.ch\/?p=2694","title":{"rendered":"Les effets de la premi\u00e8re guerre mondiale sur l&#8217;int\u00e9gration des \u00e9trangers en Suisse"},"content":{"rendered":"<h3>Author(s) : G\u00e9rald Arlettaz<\/h3>\n<h3>Source : <a href=\"http:\/\/doc.rero.ch\/record\/209230\/files\/relations_internationale.pdf\" target=\"_blank\" rel=\"noopener noreferrer\">http:\/\/doc.rero.ch\/record\/209230\/files\/relations_internationale.pdf<\/a><\/h3>\n<p><strong>Abstract: <\/strong><!--more--><\/p>\n<blockquote><p>N\/A<\/p><\/blockquote>\n<p>&nbsp;<\/p>\n","protected":false},"excerpt":{"rendered":"<p>Author(s) : G\u00e9rald Arlettaz Source : http:\/\/doc.rero.ch\/record\/209230\/files\/relations_internationale.pdf Abstract:<\/p>\n","protected":false},"author":4,"featured_media":0,"comment_status":"open","ping_status":"open","sticky":false,"template":"","format":"standard","meta":{"_kadence_starter_templates_imported_post":false,"_kad_post_transparent":"","_kad_post_title":"","_kad_post_layout":"","_kad_post_sidebar_id":"","_kad_post_content_style":"","_kad_post_vertical_padding":"","_kad_post_feature":"","_kad_post_feature_position":"","_kad_post_header":false,"_kad_post_footer":false,"_kad_post_classname":"","jetpack_post_was_ever_published":false,"_jetpack_newsletter_access":"","_jetpack_dont_email_post_to_subs":false,"_jetpack_newsletter_tier_id":0,"_jetpack_memberships_contains_paywalled_content":false,"_jetpack_memberships_contains_paid_content":false,"footnotes":""},"categories":[35],"tags":[614,7,37,586,52,98,387,279],"class_list":["post-2694","post","type-post","status-publish","format-standard","hentry","category-history","tag-614","tag-article","tag-attitudes-towards-migrants","tag-first-world-war","tag-french-language","tag-immigration-policy","tag-integration-policy","tag-socioeconomic-factors"],"jetpack_featured_media_url":"","jetpack_sharing_enabled":true,"_links":{"self":[{"href":"https:\/\/swissmig.unine.ch\/index.php?rest_route=\/wp\/v2\/posts\/2694","targetHints":{"allow":["GET"]}}],"collection":[{"href":"https:\/\/swissmig.unine.ch\/index.php?rest_route=\/wp\/v2\/posts"}],"about":[{"href":"https:\/\/swissmig.unine.ch\/index.php?rest_route=\/wp\/v2\/types\/post"}],"author":[{"embeddable":true,"href":"https:\/\/swissmig.unine.ch\/index.php?rest_route=\/wp\/v2\/users\/4"}],"replies":[{"embeddable":true,"href":"https:\/\/swissmig.unine.ch\/index.php?rest_route=%2Fwp%2Fv2%2Fcomments&post=2694"}],"version-history":[{"count":0,"href":"https:\/\/swissmig.unine.ch\/index.php?rest_route=\/wp\/v2\/posts\/2694\/revisions"}],"wp:attachment":[{"href":"https:\/\/swissmig.unine.ch\/index.php?rest_route=%2Fwp%2Fv2%2Fmedia&parent=2694"}],"wp:term":[{"taxonomy":"category","embeddable":true,"href":"https:\/\/swissmig.unine.ch\/index.php?rest_route=%2Fwp%2Fv2%2Fcategories&post=2694"},{"taxonomy":"post_tag","embeddable":true,"href":"https:\/\/swissmig.unine.ch\/index.php?rest_route=%2Fwp%2Fv2%2Ftags&post=2694"}],"curies":[{"name":"wp","href":"https:\/\/api.w.org\/{rel}","templated":true}]}}