{"id":2689,"date":"2019-04-02T07:42:42","date_gmt":"2019-04-02T06:42:42","guid":{"rendered":"https:\/\/swissmig.wordpress.com\/?p=2689"},"modified":"2019-04-02T07:42:42","modified_gmt":"2019-04-02T06:42:42","slug":"lapport-demographique-de-la-migration-en-suisse","status":"publish","type":"post","link":"https:\/\/swissmig.unine.ch\/?p=2689","title":{"rendered":"L&#8217;apport d\u00e9mographique de la migration en Suisse"},"content":{"rendered":"<h3>Author(s) : Philippe Wanner<\/h3>\n<h3>Source : <a href=\"http:\/\/www2.unine.ch\/repository\/default\/content\/sites\/sfm\/files\/shared\/pub\/dp\/dp05.pdf\" target=\"_blank\" rel=\"noopener noreferrer\">http:\/\/www2.unine.ch\/repository\/default\/content\/sites\/sfm\/files\/shared\/pub\/dp\/dp05.pdf<\/a><\/h3>\n<p><strong>Abstract: <\/strong><!--more--><\/p>\n<blockquote><p>&#8220;Depuis plusieurs d\u00e9cennies, la question de la population \u00e9trang\u00e8re a donn\u00e9 lieu \u00e0 de nombreux d\u00e9bats touchant des domaines aussi divers que l\u2019int\u00e9gration des \u00e9trangers, leur participation au march\u00e9 de l\u2019emploi, la naturalisation, les politiques migratoires ou en mati\u00e8re d\u2019asile par exemple. En termes num\u00e9riques, la plupart des intervenants discutant de l\u2019importance de la population \u00e9trang\u00e8re en Suisse se limitent \u00e0 \u00e9voquer le nombre d&#8217;\u00e9trangers et la proportion d&#8217;\u00e9trangers dans le pays. Dans ce contexte, l\u2019augmentation de la proportion de population r\u00e9sidante au b\u00e9n\u00e9fice d\u2019un passeport \u00e9tranger, qui approche le seuil de 20% (cette proportion \u00e9tait de 6% en 1950), prend une signification symbolique. Cependant, le concept de population \u00e9trang\u00e8re ou de surpopulation \u00e9trang\u00e8re m\u00e9riterait d\u2019\u00eatre discut\u00e9 plus en d\u00e9tail, notamment dans le contexte du vieillissement d\u00e9mographique.&#8221;<\/p><\/blockquote>\n<p>&nbsp;<\/p>\n","protected":false},"excerpt":{"rendered":"<p>Author(s) : Philippe Wanner Source : http:\/\/www2.unine.ch\/repository\/default\/content\/sites\/sfm\/files\/shared\/pub\/dp\/dp05.pdf Abstract:<\/p>\n","protected":false},"author":4,"featured_media":0,"comment_status":"open","ping_status":"open","sticky":false,"template":"","format":"standard","meta":{"_kadence_starter_templates_imported_post":false,"_kad_post_transparent":"","_kad_post_title":"","_kad_post_layout":"","_kad_post_sidebar_id":"","_kad_post_content_style":"","_kad_post_vertical_padding":"","_kad_post_feature":"","_kad_post_feature_position":"","_kad_post_header":false,"_kad_post_footer":false,"_kad_post_classname":"","jetpack_post_was_ever_published":false,"_jetpack_newsletter_access":"","_jetpack_dont_email_post_to_subs":false,"_jetpack_newsletter_tier_id":0,"_jetpack_memberships_contains_paywalled_content":false,"_jetpack_memberships_contains_paid_content":false,"footnotes":""},"categories":[277],"tags":[101,49,38,552,52,345,36,103,166,143],"class_list":["post-2689","post","type-post","status-publish","format-standard","hentry","category-demography-statistics","tag-101","tag-asylum-policy","tag-conference-paper","tag-demographic-impact","tag-french-language","tag-measurement","tag-migration-policy","tag-refugees","tag-residence-permits","tag-statistical-data"],"jetpack_featured_media_url":"","jetpack_sharing_enabled":true,"_links":{"self":[{"href":"https:\/\/swissmig.unine.ch\/index.php?rest_route=\/wp\/v2\/posts\/2689","targetHints":{"allow":["GET"]}}],"collection":[{"href":"https:\/\/swissmig.unine.ch\/index.php?rest_route=\/wp\/v2\/posts"}],"about":[{"href":"https:\/\/swissmig.unine.ch\/index.php?rest_route=\/wp\/v2\/types\/post"}],"author":[{"embeddable":true,"href":"https:\/\/swissmig.unine.ch\/index.php?rest_route=\/wp\/v2\/users\/4"}],"replies":[{"embeddable":true,"href":"https:\/\/swissmig.unine.ch\/index.php?rest_route=%2Fwp%2Fv2%2Fcomments&post=2689"}],"version-history":[{"count":0,"href":"https:\/\/swissmig.unine.ch\/index.php?rest_route=\/wp\/v2\/posts\/2689\/revisions"}],"wp:attachment":[{"href":"https:\/\/swissmig.unine.ch\/index.php?rest_route=%2Fwp%2Fv2%2Fmedia&parent=2689"}],"wp:term":[{"taxonomy":"category","embeddable":true,"href":"https:\/\/swissmig.unine.ch\/index.php?rest_route=%2Fwp%2Fv2%2Fcategories&post=2689"},{"taxonomy":"post_tag","embeddable":true,"href":"https:\/\/swissmig.unine.ch\/index.php?rest_route=%2Fwp%2Fv2%2Ftags&post=2689"}],"curies":[{"name":"wp","href":"https:\/\/api.w.org\/{rel}","templated":true}]}}