{"id":2680,"date":"2019-03-26T11:54:36","date_gmt":"2019-03-26T10:54:36","guid":{"rendered":"https:\/\/swissmig.wordpress.com\/?p=2680"},"modified":"2019-03-26T11:54:36","modified_gmt":"2019-03-26T10:54:36","slug":"naturalisation-facilitee-des-jeunes-etrangers-de-la-3e-generation-une-annee-de-mise-en-oeuvre","status":"publish","type":"post","link":"https:\/\/swissmig.unine.ch\/?p=2680","title":{"rendered":"Naturalisation facilit\u00e9e des jeunes \u00e9trangers de la 3e g\u00e9n\u00e9ration :  une ann\u00e9e de mise en oeuvre"},"content":{"rendered":"<h3>Author(s) : Rosita Fibbi<\/h3>\n<h3>Source : <a href=\"https:\/\/www.ekm.admin.ch\/dam\/data\/ekm\/dokumentation\/materialien\/ber-ekm-erleichterte-einbuergerung-f.pdf\" target=\"_blank\" rel=\"noopener noreferrer\">https:\/\/www.ekm.admin.ch\/dam\/data\/ekm\/dokumentation\/materialien\/ber-ekm-erleichterte-einbuergerung-f.pdf<\/a><\/h3>\n<p><strong>Abstract: <\/strong><!--more--><\/p>\n<blockquote>\n<div class=\"hlFld-Abstract\">\n<div class=\"abstractSection abstractInFull\">&#8220;La Commission f\u00e9d\u00e9rale des migrations (CFM) a \u00e9tabli un mandat d\u2019analyse de la mise en \u0153uvre de la proc\u00e9dure facilit\u00e9e de naturalisation pour les \u00ab jeunes de la troisi\u00e8me g\u00e9n\u00e9ration \u00bb (ci-apr\u00e8s G3), un an apr\u00e8s l\u2019entr\u00e9e en vigueur des nouvelles dispositions. L\u2019objectif de l\u2019analyse est de dresser un tableau des personnes ayant obtenu la naturalisation facilit\u00e9e selon la nouvelle proc\u00e9dure, de mettre ces informations en relation avec les r\u00e9sultats des \u00e9tudes men\u00e9es pr\u00e9alablement \u00e0 la votation du 12 f\u00e9vrier 2017 sur ce m\u00eame th\u00e8me (Wanner 2016 ; Bader et Fibbi 2017) ainsi qu\u2019avec d\u2019autres sources pertinentes.&#8221;<\/div>\n<\/div>\n<\/blockquote>\n<div><\/div>\n<p>&nbsp;<\/p>\n","protected":false},"excerpt":{"rendered":"<p>Author(s) : Rosita Fibbi Source : https:\/\/www.ekm.admin.ch\/dam\/data\/ekm\/dokumentation\/materialien\/ber-ekm-erleichterte-einbuergerung-f.pdf Abstract:<\/p>\n","protected":false},"author":4,"featured_media":0,"comment_status":"open","ping_status":"open","sticky":false,"template":"","format":"standard","meta":{"_kadence_starter_templates_imported_post":false,"_kad_post_transparent":"","_kad_post_title":"","_kad_post_layout":"","_kad_post_sidebar_id":"","_kad_post_content_style":"","_kad_post_vertical_padding":"","_kad_post_feature":"","_kad_post_feature_position":"","_kad_post_header":false,"_kad_post_footer":false,"_kad_post_classname":"","jetpack_post_was_ever_published":false,"_jetpack_newsletter_access":"","_jetpack_dont_email_post_to_subs":false,"_jetpack_newsletter_tier_id":0,"_jetpack_memberships_contains_paywalled_content":false,"_jetpack_memberships_contains_paid_content":false,"footnotes":""},"categories":[12],"tags":[582,92,120,52,129,93,249,143,374],"class_list":["post-2680","post","type-post","status-publish","format-standard","hentry","category-politics","tag-582","tag-country-of-origin","tag-data-analysis","tag-french-language","tag-law","tag-naturalization","tag-report","tag-statistical-data","tag-third-generation"],"jetpack_featured_media_url":"","jetpack_sharing_enabled":true,"_links":{"self":[{"href":"https:\/\/swissmig.unine.ch\/index.php?rest_route=\/wp\/v2\/posts\/2680","targetHints":{"allow":["GET"]}}],"collection":[{"href":"https:\/\/swissmig.unine.ch\/index.php?rest_route=\/wp\/v2\/posts"}],"about":[{"href":"https:\/\/swissmig.unine.ch\/index.php?rest_route=\/wp\/v2\/types\/post"}],"author":[{"embeddable":true,"href":"https:\/\/swissmig.unine.ch\/index.php?rest_route=\/wp\/v2\/users\/4"}],"replies":[{"embeddable":true,"href":"https:\/\/swissmig.unine.ch\/index.php?rest_route=%2Fwp%2Fv2%2Fcomments&post=2680"}],"version-history":[{"count":0,"href":"https:\/\/swissmig.unine.ch\/index.php?rest_route=\/wp\/v2\/posts\/2680\/revisions"}],"wp:attachment":[{"href":"https:\/\/swissmig.unine.ch\/index.php?rest_route=%2Fwp%2Fv2%2Fmedia&parent=2680"}],"wp:term":[{"taxonomy":"category","embeddable":true,"href":"https:\/\/swissmig.unine.ch\/index.php?rest_route=%2Fwp%2Fv2%2Fcategories&post=2680"},{"taxonomy":"post_tag","embeddable":true,"href":"https:\/\/swissmig.unine.ch\/index.php?rest_route=%2Fwp%2Fv2%2Ftags&post=2680"}],"curies":[{"name":"wp","href":"https:\/\/api.w.org\/{rel}","templated":true}]}}