{"id":2674,"date":"2019-03-20T10:17:52","date_gmt":"2019-03-20T09:17:52","guid":{"rendered":"https:\/\/swissmig.wordpress.com\/?p=2674"},"modified":"2019-03-20T10:17:52","modified_gmt":"2019-03-20T09:17:52","slug":"une-revue-des-dynamiques-de-securisation-des-migrations-et-leurs-concretisations-dans-le-controle-des-migrants-a-geneve","status":"publish","type":"post","link":"https:\/\/swissmig.unine.ch\/?p=2674","title":{"rendered":"Une revue des dynamiques de s\u00e9curisation des migrations et leurs concr\u00e9tisations dans le contr\u00f4le des migrants \u00e0 Gen\u00e8ve"},"content":{"rendered":"<h3>Author(s) : Ma\u00ebl Favre<\/h3>\n<h3>Source : <a href=\"https:\/\/archive-ouverte.unige.ch\/unige:114197\" target=\"_blank\" rel=\"noopener noreferrer\">https:\/\/archive-ouverte.unige.ch\/unige:114197<\/a><\/h3>\n<p><strong>Abstract: <\/strong><!--more--><\/p>\n<blockquote>\n<div class=\"hlFld-Abstract\">\n<div class=\"abstractSection abstractInFull\">&#8220;La question des migrations concernant les pays du sud vers l\u2019Europe a pris une ampleur m\u00e9diatique et politique qui semble avoir d\u00e9pass\u00e9, en volume, le nombre de ces migrants. L\u2019\u00e9cho qui est donn\u00e9 aux discours articulant les migrations comme un enjeu pr\u00e9pond\u00e9rant est sans commune mesure avec les chiffres des migrations. L\u2019espace m\u00e9diatique francophone et le contexte fran\u00e7ais notamment, est r\u00e9guli\u00e8rement satur\u00e9 par cette th\u00e9matique. Derni\u00e8rement, le ministre fran\u00e7ais de l\u2019int\u00e9rieur utilisait le terme de \u201csubmersion\u201c pour parler des personnes entr\u00e9es sur le territoire. Si les \u00e9chos m\u00e9diatiques qui sont donn\u00e9s \u00e0 ce genre d\u2019intervention participent sans doute \u00e0 la diffusion d\u2019un imaginaire de la catastrophe dans la population, les chiffres concernant le total de ces mouvements parlent, eux, de quelques dizaines de milliers de personnes. Report\u00e9 \u00e0 la population des pays concern\u00e9s dans l\u2019union europ\u00e9enne ou \u00e0 la France plus directement, ces chiffres<br \/>\nne repr\u00e9sentent qu\u2019un pourcentage minime d\u2019une population prise dans son ensemble.&#8221;<\/div>\n<\/div>\n<\/blockquote>\n<div><\/div>\n<p>&nbsp;<\/p>\n","protected":false},"excerpt":{"rendered":"<p>Author(s) : Ma\u00ebl Favre Source : https:\/\/archive-ouverte.unige.ch\/unige:114197 Abstract:<\/p>\n","protected":false},"author":4,"featured_media":0,"comment_status":"open","ping_status":"open","sticky":false,"template":"","format":"standard","meta":{"_kadence_starter_templates_imported_post":false,"_kad_post_transparent":"","_kad_post_title":"","_kad_post_layout":"","_kad_post_sidebar_id":"","_kad_post_content_style":"","_kad_post_vertical_padding":"","_kad_post_feature":"","_kad_post_feature_position":"","_kad_post_header":false,"_kad_post_footer":false,"_kad_post_classname":"","jetpack_post_was_ever_published":false,"_jetpack_newsletter_access":"","_jetpack_dont_email_post_to_subs":false,"_jetpack_newsletter_tier_id":0,"_jetpack_memberships_contains_paywalled_content":false,"_jetpack_memberships_contains_paid_content":false,"footnotes":""},"categories":[12],"tags":[582,106,8,152,52,341,87,40,276,319,36,212,143],"class_list":["post-2674","post","type-post","status-publish","format-standard","hentry","category-politics","tag-582","tag-border-controls","tag-case-study","tag-discourse","tag-french-language","tag-geneva","tag-history","tag-immigration-control","tag-literature-review","tag-master-thesis","tag-migration-policy","tag-security","tag-statistical-data"],"jetpack_featured_media_url":"","jetpack_sharing_enabled":true,"_links":{"self":[{"href":"https:\/\/swissmig.unine.ch\/index.php?rest_route=\/wp\/v2\/posts\/2674","targetHints":{"allow":["GET"]}}],"collection":[{"href":"https:\/\/swissmig.unine.ch\/index.php?rest_route=\/wp\/v2\/posts"}],"about":[{"href":"https:\/\/swissmig.unine.ch\/index.php?rest_route=\/wp\/v2\/types\/post"}],"author":[{"embeddable":true,"href":"https:\/\/swissmig.unine.ch\/index.php?rest_route=\/wp\/v2\/users\/4"}],"replies":[{"embeddable":true,"href":"https:\/\/swissmig.unine.ch\/index.php?rest_route=%2Fwp%2Fv2%2Fcomments&post=2674"}],"version-history":[{"count":0,"href":"https:\/\/swissmig.unine.ch\/index.php?rest_route=\/wp\/v2\/posts\/2674\/revisions"}],"wp:attachment":[{"href":"https:\/\/swissmig.unine.ch\/index.php?rest_route=%2Fwp%2Fv2%2Fmedia&parent=2674"}],"wp:term":[{"taxonomy":"category","embeddable":true,"href":"https:\/\/swissmig.unine.ch\/index.php?rest_route=%2Fwp%2Fv2%2Fcategories&post=2674"},{"taxonomy":"post_tag","embeddable":true,"href":"https:\/\/swissmig.unine.ch\/index.php?rest_route=%2Fwp%2Fv2%2Ftags&post=2674"}],"curies":[{"name":"wp","href":"https:\/\/api.w.org\/{rel}","templated":true}]}}