{"id":2667,"date":"2019-03-20T09:19:23","date_gmt":"2019-03-20T08:19:23","guid":{"rendered":"https:\/\/swissmig.wordpress.com\/?p=2667"},"modified":"2019-03-20T09:19:23","modified_gmt":"2019-03-20T08:19:23","slug":"quels-liens-entre-recherche-et-travail-social-lexemple-des-etudes-sur-lage-et-la-migration","status":"publish","type":"post","link":"https:\/\/swissmig.unine.ch\/?p=2667","title":{"rendered":"Quels liens entre recherche et travail social ? : L\u2019exemple des \u00e9tudes sur l\u2019\u00e2ge et la migration"},"content":{"rendered":"<h3>Author(s) : Claudio Bolzman<\/h3>\n<h3>Source : <a href=\"http:\/\/books.openedition.org\/ies\/2152\" target=\"_blank\" rel=\"noopener noreferrer\">http:\/\/books.openedition.org\/ies\/2152<\/a><\/h3>\n<p><strong>Abstract: <\/strong><!--more--><\/p>\n<blockquote>\n<div class=\"hlFld-Abstract\">\n<div class=\"abstractSection abstractInFull\">&#8220;Aussi bien les questions relatives au vieillissement de la population que celles li\u00e9es aux migrations int\u00e9ressent au premier chef le travail social et, plus largement, les politiques sociales. En effet, la probl\u00e9matique d\u2019une soci\u00e9t\u00e9 compos\u00e9e d\u2019un nombre croissant de personnes \u00e2g\u00e9es et le financement des pensions de vieillesse et de retraite occupent souvent l\u2019actualit\u00e9 de d\u00e9bats. Il en va de m\u00eame pour les probl\u00e9matiques li\u00e9es \u00e0 l\u2019int\u00e9gration des personnes migrantes. Cependant, aussi bien au niveau de la r\u00e9flexion sur les politiques \u00e0 mettre en place que sur les terrains d\u2019intervention, mais \u00e9galement sur le plan de la recherche, ces deux probl\u00e9matiques ont rarement \u00e9t\u00e9 prises en consid\u00e9ration ensemble jusqu\u2019\u00e0 une p\u00e9riode relativement r\u00e9cente.&#8221;<\/div>\n<\/div>\n<\/blockquote>\n<div><\/div>\n<p>&nbsp;<\/p>\n","protected":false},"excerpt":{"rendered":"<p>Author(s) : Claudio Bolzman Source : http:\/\/books.openedition.org\/ies\/2152 Abstract:<\/p>\n","protected":false},"author":4,"featured_media":0,"comment_status":"open","ping_status":"open","sticky":false,"template":"","format":"standard","meta":{"_kadence_starter_templates_imported_post":false,"_kad_post_transparent":"","_kad_post_title":"","_kad_post_layout":"","_kad_post_sidebar_id":"","_kad_post_content_style":"","_kad_post_vertical_padding":"","_kad_post_feature":"","_kad_post_feature_position":"","_kad_post_header":false,"_kad_post_footer":false,"_kad_post_classname":"","jetpack_post_was_ever_published":false,"_jetpack_newsletter_access":"","_jetpack_dont_email_post_to_subs":false,"_jetpack_newsletter_tier_id":0,"_jetpack_memberships_contains_paywalled_content":false,"_jetpack_memberships_contains_paid_content":false,"footnotes":""},"categories":[171],"tags":[582,317,32,142,52,66,327,313,308,312],"class_list":["post-2667","post","type-post","status-publish","format-standard","hentry","category-generalities","tag-582","tag-ageing","tag-book-chapter","tag-elderly","tag-french-language","tag-migration","tag-research","tag-social-policy","tag-social-security","tag-social-work"],"jetpack_featured_media_url":"","jetpack_sharing_enabled":true,"_links":{"self":[{"href":"https:\/\/swissmig.unine.ch\/index.php?rest_route=\/wp\/v2\/posts\/2667","targetHints":{"allow":["GET"]}}],"collection":[{"href":"https:\/\/swissmig.unine.ch\/index.php?rest_route=\/wp\/v2\/posts"}],"about":[{"href":"https:\/\/swissmig.unine.ch\/index.php?rest_route=\/wp\/v2\/types\/post"}],"author":[{"embeddable":true,"href":"https:\/\/swissmig.unine.ch\/index.php?rest_route=\/wp\/v2\/users\/4"}],"replies":[{"embeddable":true,"href":"https:\/\/swissmig.unine.ch\/index.php?rest_route=%2Fwp%2Fv2%2Fcomments&post=2667"}],"version-history":[{"count":0,"href":"https:\/\/swissmig.unine.ch\/index.php?rest_route=\/wp\/v2\/posts\/2667\/revisions"}],"wp:attachment":[{"href":"https:\/\/swissmig.unine.ch\/index.php?rest_route=%2Fwp%2Fv2%2Fmedia&parent=2667"}],"wp:term":[{"taxonomy":"category","embeddable":true,"href":"https:\/\/swissmig.unine.ch\/index.php?rest_route=%2Fwp%2Fv2%2Fcategories&post=2667"},{"taxonomy":"post_tag","embeddable":true,"href":"https:\/\/swissmig.unine.ch\/index.php?rest_route=%2Fwp%2Fv2%2Ftags&post=2667"}],"curies":[{"name":"wp","href":"https:\/\/api.w.org\/{rel}","templated":true}]}}