{"id":2663,"date":"2019-03-13T09:34:13","date_gmt":"2019-03-13T08:34:13","guid":{"rendered":"https:\/\/swissmig.wordpress.com\/?p=2663"},"modified":"2019-03-13T09:34:13","modified_gmt":"2019-03-13T08:34:13","slug":"integration-des-familles-migrantes-en-valais-les-projets-et-leur-fonctionnement","status":"publish","type":"post","link":"https:\/\/swissmig.unine.ch\/?p=2663","title":{"rendered":"Int\u00e9gration des familles migrantes en Valais : les projets et leur fonctionnement"},"content":{"rendered":"<h3>Author(s) : Elen Seset<\/h3>\n<h3>Source : <a href=\"https:\/\/doc.rero.ch\/record\/323432\" target=\"_blank\" rel=\"noopener noreferrer\">https:\/\/doc.rero.ch\/record\/323432<\/a><\/h3>\n<p><strong>Abstract: <\/strong><!--more--><\/p>\n<blockquote>\n<div class=\"hlFld-Abstract\">\n<div class=\"abstractSection abstractInFull\">&#8220;Cette recherche s\u2019int\u00e9resse \u00e0 l\u2019int\u00e9gration des familles migrantes en Valais. Plus particuli\u00e8rement, elle vise \u00e0 cerner les projets directement li\u00e9s aux familles migrantes et \u00e0 comprendre leur fonctionnement dans ce canton. Tout d\u2019abord, j\u2019ai contact\u00e9 les d\u00e9l\u00e9gu\u00e9s \u00e0 l\u2019int\u00e9gration de Sierre, Martigny et Monthey pour conna\u00eetre et recevoir des informations sur les projets concernant les familles migrantes. J\u2019ai ainsi trouv\u00e9 sept projets en lien direct avec l\u2019int\u00e9gration des familles migrantes. Une fois que j\u2019ai pris connaissance de ces projets, j\u2019ai contact\u00e9 les professionnels. Leur disponibilit\u00e9 et la r\u00e9alit\u00e9 des terrains m\u2019a amen\u00e9 \u00e0 interroger cinq professionnels de projets distincts en Valais.&#8221;<\/div>\n<\/div>\n<\/blockquote>\n<div><\/div>\n<p>&nbsp;<\/p>\n","protected":false},"excerpt":{"rendered":"<p>Author(s) : Elen Seset Source : https:\/\/doc.rero.ch\/record\/323432 Abstract:<\/p>\n","protected":false},"author":4,"featured_media":0,"comment_status":"open","ping_status":"open","sticky":false,"template":"","format":"standard","meta":{"_kadence_starter_templates_imported_post":false,"_kad_post_transparent":"","_kad_post_title":"","_kad_post_layout":"","_kad_post_sidebar_id":"","_kad_post_content_style":"","_kad_post_vertical_padding":"","_kad_post_feature":"","_kad_post_feature_position":"","_kad_post_header":false,"_kad_post_footer":false,"_kad_post_classname":"","jetpack_post_was_ever_published":false,"_jetpack_newsletter_access":"","_jetpack_dont_email_post_to_subs":false,"_jetpack_newsletter_tier_id":0,"_jetpack_memberships_contains_paywalled_content":false,"_jetpack_memberships_contains_paid_content":false,"footnotes":""},"categories":[24],"tags":[285,292,273,8,176,21,52,17,387,160,117,91,401,369],"class_list":["post-2663","post","type-post","status-publish","format-standard","hentry","category-society-family-racism","tag-285","tag-bachelor-thesis","tag-cantons","tag-case-study","tag-economic-integration","tag-family","tag-french-language","tag-immigrants","tag-integration-policy","tag-integration-programmes","tag-school-integration","tag-social-integration","tag-social-workers","tag-valais"],"jetpack_featured_media_url":"","jetpack_sharing_enabled":true,"_links":{"self":[{"href":"https:\/\/swissmig.unine.ch\/index.php?rest_route=\/wp\/v2\/posts\/2663","targetHints":{"allow":["GET"]}}],"collection":[{"href":"https:\/\/swissmig.unine.ch\/index.php?rest_route=\/wp\/v2\/posts"}],"about":[{"href":"https:\/\/swissmig.unine.ch\/index.php?rest_route=\/wp\/v2\/types\/post"}],"author":[{"embeddable":true,"href":"https:\/\/swissmig.unine.ch\/index.php?rest_route=\/wp\/v2\/users\/4"}],"replies":[{"embeddable":true,"href":"https:\/\/swissmig.unine.ch\/index.php?rest_route=%2Fwp%2Fv2%2Fcomments&post=2663"}],"version-history":[{"count":0,"href":"https:\/\/swissmig.unine.ch\/index.php?rest_route=\/wp\/v2\/posts\/2663\/revisions"}],"wp:attachment":[{"href":"https:\/\/swissmig.unine.ch\/index.php?rest_route=%2Fwp%2Fv2%2Fmedia&parent=2663"}],"wp:term":[{"taxonomy":"category","embeddable":true,"href":"https:\/\/swissmig.unine.ch\/index.php?rest_route=%2Fwp%2Fv2%2Fcategories&post=2663"},{"taxonomy":"post_tag","embeddable":true,"href":"https:\/\/swissmig.unine.ch\/index.php?rest_route=%2Fwp%2Fv2%2Ftags&post=2663"}],"curies":[{"name":"wp","href":"https:\/\/api.w.org\/{rel}","templated":true}]}}