{"id":2653,"date":"2019-03-05T14:08:43","date_gmt":"2019-03-05T13:08:43","guid":{"rendered":"https:\/\/swissmig.wordpress.com\/?p=2653"},"modified":"2019-03-05T14:08:43","modified_gmt":"2019-03-05T13:08:43","slug":"contre-limmigration-de-masse-la-mise-en-oeuvre-paradoxale-dans-lordre-juridique-suisse-dune-votation-populaire-visant-a-limiter-limmigration","status":"publish","type":"post","link":"https:\/\/swissmig.unine.ch\/?p=2653","title":{"rendered":"\u00ab Contre l\u2019immigration de masse \u00bb : la mise en \u0153uvre paradoxale dans l\u2019ordre juridique suisse d\u2019une votation populaire visant \u00e0 limiter l\u2019immigration"},"content":{"rendered":"<h3>Author(s) : Anne-Laurence Graf<\/h3>\n<h3>Source : <a href=\"http:\/\/journals.openedition.org\/remi\/9683\" target=\"_blank\" rel=\"noopener noreferrer\">http:\/\/journals.openedition.org\/remi\/9683<\/a><\/h3>\n<p><strong>Abstract: <\/strong><!--more--><\/p>\n<blockquote>\n<div class=\"hlFld-Abstract\">\n<div class=\"abstractSection abstractInFull\">&#8220;<span lang=\"fr\" xml:lang=\"fr\">Le 9 f\u00e9vrier 2014, un peu \u00e0 la surprise g\u00e9n\u00e9rale<\/span><span lang=\"fr\" xml:lang=\"fr\">, le peuple et les cantons suisses acceptaient \u00e0 une courte majorit\u00e9 (50,3\u00a0% des votants et dix-sept cantons sur vingt-six) l\u2019initiative populaire \u00ab\u00a0contre l\u2019immigration de masse\u00a0\u00bb qui proposait d\u2019introduire dans la Constitution helv\u00e9tique un syst\u00e8me de gestion et de limitation autonomes de l\u2019immigration. <\/span><span lang=\"fr\" xml:lang=\"fr\">Selon le texte propos\u00e9 par les initiants<\/span><span lang=\"fr\" xml:lang=\"fr\"> et int\u00e9gr\u00e9 dans la Constitution helv\u00e9tique sous le nouvel article\u00a0121a<\/span><span lang=\"fr\" xml:lang=\"fr\">, \u00ab\u00a0le nombre des autorisations d\u00e9livr\u00e9es pour le s\u00e9jour des \u00e9trangers en Suisse est limit\u00e9 par des plafonds et des contingents annuels, [\u2026] domaine de l\u2019asile inclus\u00a0\u00bb (alin\u00e9a\u00a02). Par ailleurs, le \u00ab\u00a0droit au [\u2026] regroupement familial [\u2026] peut \u00eatre limit\u00e9\u00a0\u00bb (alin\u00e9a\u00a02).<\/span>&#8220;<\/div>\n<div><\/div>\n<div class=\"index\"><strong>Mots-cl\u00e9s<\/strong>\u00a0: immigration, march\u00e9 du travail, asile, d\u00e9mocratie, Accord sur la libre circulation des personnes entre l\u2019Union europ\u00e9enne et la Suisse<\/div>\n<div><\/div>\n<div class=\"index\"><strong>Keywords<\/strong>\u00a0: labour market, immigration, asylum, democracy, Agreement on the free movement of persons between the European Union and Switzerland<\/div>\n<\/div>\n<\/blockquote>\n<p>&nbsp;<\/p>\n","protected":false},"excerpt":{"rendered":"<p>Author(s) : Anne-Laurence Graf Source : http:\/\/journals.openedition.org\/remi\/9683 Abstract:<\/p>\n","protected":false},"author":4,"featured_media":0,"comment_status":"open","ping_status":"open","sticky":false,"template":"","format":"standard","meta":{"_kadence_starter_templates_imported_post":false,"_kad_post_transparent":"","_kad_post_title":"","_kad_post_layout":"","_kad_post_sidebar_id":"","_kad_post_content_style":"","_kad_post_vertical_padding":"","_kad_post_feature":"","_kad_post_feature_position":"","_kad_post_header":false,"_kad_post_footer":false,"_kad_post_classname":"","jetpack_post_was_ever_published":false,"_jetpack_newsletter_access":"","_jetpack_dont_email_post_to_subs":false,"_jetpack_newsletter_tier_id":0,"_jetpack_memberships_contains_paywalled_content":false,"_jetpack_memberships_contains_paid_content":false,"footnotes":""},"categories":[53],"tags":[285,7,49,27,107,52,98,19,94,361],"class_list":["post-2653","post","type-post","status-publish","format-standard","hentry","category-law","tag-285","tag-article","tag-asylum-policy","tag-european-union","tag-freedom-of-movement","tag-french-language","tag-immigration-policy","tag-labour-market","tag-political-system","tag-referendums-and-initiatives"],"jetpack_featured_media_url":"","jetpack_sharing_enabled":true,"_links":{"self":[{"href":"https:\/\/swissmig.unine.ch\/index.php?rest_route=\/wp\/v2\/posts\/2653","targetHints":{"allow":["GET"]}}],"collection":[{"href":"https:\/\/swissmig.unine.ch\/index.php?rest_route=\/wp\/v2\/posts"}],"about":[{"href":"https:\/\/swissmig.unine.ch\/index.php?rest_route=\/wp\/v2\/types\/post"}],"author":[{"embeddable":true,"href":"https:\/\/swissmig.unine.ch\/index.php?rest_route=\/wp\/v2\/users\/4"}],"replies":[{"embeddable":true,"href":"https:\/\/swissmig.unine.ch\/index.php?rest_route=%2Fwp%2Fv2%2Fcomments&post=2653"}],"version-history":[{"count":0,"href":"https:\/\/swissmig.unine.ch\/index.php?rest_route=\/wp\/v2\/posts\/2653\/revisions"}],"wp:attachment":[{"href":"https:\/\/swissmig.unine.ch\/index.php?rest_route=%2Fwp%2Fv2%2Fmedia&parent=2653"}],"wp:term":[{"taxonomy":"category","embeddable":true,"href":"https:\/\/swissmig.unine.ch\/index.php?rest_route=%2Fwp%2Fv2%2Fcategories&post=2653"},{"taxonomy":"post_tag","embeddable":true,"href":"https:\/\/swissmig.unine.ch\/index.php?rest_route=%2Fwp%2Fv2%2Ftags&post=2653"}],"curies":[{"name":"wp","href":"https:\/\/api.w.org\/{rel}","templated":true}]}}