{"id":2645,"date":"2019-02-19T14:33:37","date_gmt":"2019-02-19T13:33:37","guid":{"rendered":"https:\/\/swissmig.wordpress.com\/?p=2645"},"modified":"2019-02-19T14:33:37","modified_gmt":"2019-02-19T13:33:37","slug":"integration-versus-abgrenzung-die-schweizerische-volkspartei-und-die-politisierung-der-einwanderungs-und-europapolitik","status":"publish","type":"post","link":"https:\/\/swissmig.unine.ch\/?p=2645","title":{"rendered":"Integration versus Abgrenzung: Die Schweizerische Volkspartei und die Politisierung der Einwanderungs- und Europapolitik"},"content":{"rendered":"<h3>Author(s) : Swen Hutter<\/h3>\n<h3>Source : <a href=\"https:\/\/doi.org\/10.1007\/978-3-658-23401-0_7\" target=\"_blank\" rel=\"noopener noreferrer\">https:\/\/doi.org\/10.1007\/978-3-658-23401-0_7<\/a><\/h3>\n<p><strong>Abstract: <\/strong><!--more--><\/p>\n<blockquote>\n<div class=\"hlFld-Abstract\">\n<div class=\"abstractSection abstractInFull\">&#8220;Der Buchbeitrag analysiert die zentrale Rolle der Schweizerischen Volkspartei (SVP) bei der Politisierung der Einwanderungspolitik. Generell gilt die SVP als eine der erfolgreichsten rechtspopulistischen Parteien in Europa, und die Schweiz als Paradebeispiel f\u00fcr den Aufstieg einer neuen Konfliktlinie zwischen Integration und Abgrenzung. Neben der Politisierung der Europapolitik kommt dabei der Auseinandersetzung um Immigration und Integration von ZuwanderInnen eine wesentliche Bedeutung zu. Vor dem Hintergrund dieser Entwicklungen zeichnet der Buchbeitrag auf der politischen Angebots- und Nachfrageseite die st\u00e4rker werdende Bedeutung von Migrationsfragen in den nationalen Wahlen in der Schweiz von 1975 bis 2015 nach. Dabei wird einerseits aufgezeigt, wie die SVP im Zeitverlauf ihre Mobilisierung vom Europa- zum Immigrationsthema verlagert hat bzw. wie diese beiden Themenfelder in j\u00fcngster Zeit st\u00e4rker miteinander verkn\u00fcpft werden. Andererseits wird der Einfluss kritischer Einstellungen zu Europa und Immigration auf die Wahl der SVP im Zeitverlauf analysiert. Empirisch st\u00fctzt sich die Analyse auf origin\u00e4re Daten zur \u00f6ffentlichen Auseinandersetzung w\u00e4hrend nationaler Wahlk\u00e4mpfe sowie auf die kumulierten Daten der Schweizer Wahlstudie (Selects) und des European Social Survey (ESS).&#8221;<\/div>\n<div class=\"abstractSection abstractInFull\"><strong>Schl\u00fcsselw\u00f6rter <\/strong>: <span class=\"Keyword\">Schweiz, <\/span><span class=\"Keyword\">Schweizerische Volkspartei, <\/span><span class=\"Keyword\">Politisierung, <\/span><span class=\"Keyword\">Immigration, <\/span><span class=\"Keyword\">Europ\u00e4ische Integration<\/span><\/div>\n<\/div>\n<\/blockquote>\n<p>&nbsp;<\/p>\n","protected":false},"excerpt":{"rendered":"<p>Author(s) : Swen Hutter Source : https:\/\/doi.org\/10.1007\/978-3-658-23401-0_7 Abstract:<\/p>\n","protected":false},"author":4,"featured_media":0,"comment_status":"open","ping_status":"open","sticky":false,"template":"","format":"standard","meta":{"_kadence_starter_templates_imported_post":false,"_kad_post_transparent":"","_kad_post_title":"","_kad_post_layout":"","_kad_post_sidebar_id":"","_kad_post_content_style":"","_kad_post_vertical_padding":"","_kad_post_feature":"","_kad_post_feature_position":"","_kad_post_header":false,"_kad_post_footer":false,"_kad_post_classname":"","jetpack_post_was_ever_published":false,"_jetpack_newsletter_access":"","_jetpack_dont_email_post_to_subs":false,"_jetpack_newsletter_tier_id":0,"_jetpack_memberships_contains_paywalled_content":false,"_jetpack_memberships_contains_paid_content":false,"footnotes":""},"categories":[12],"tags":[582,32,152,58,73,87,98,387,11,95,513,254,96],"class_list":["post-2645","post","type-post","status-publish","format-standard","hentry","category-politics","tag-582","tag-book-chapter","tag-discourse","tag-europe","tag-german-language","tag-history","tag-immigration-policy","tag-integration-policy","tag-political-parties","tag-populism","tag-public-opinion-survey","tag-right-wing-radicalism","tag-voting-behaviour"],"jetpack_featured_media_url":"","jetpack_sharing_enabled":true,"_links":{"self":[{"href":"https:\/\/swissmig.unine.ch\/index.php?rest_route=\/wp\/v2\/posts\/2645","targetHints":{"allow":["GET"]}}],"collection":[{"href":"https:\/\/swissmig.unine.ch\/index.php?rest_route=\/wp\/v2\/posts"}],"about":[{"href":"https:\/\/swissmig.unine.ch\/index.php?rest_route=\/wp\/v2\/types\/post"}],"author":[{"embeddable":true,"href":"https:\/\/swissmig.unine.ch\/index.php?rest_route=\/wp\/v2\/users\/4"}],"replies":[{"embeddable":true,"href":"https:\/\/swissmig.unine.ch\/index.php?rest_route=%2Fwp%2Fv2%2Fcomments&post=2645"}],"version-history":[{"count":0,"href":"https:\/\/swissmig.unine.ch\/index.php?rest_route=\/wp\/v2\/posts\/2645\/revisions"}],"wp:attachment":[{"href":"https:\/\/swissmig.unine.ch\/index.php?rest_route=%2Fwp%2Fv2%2Fmedia&parent=2645"}],"wp:term":[{"taxonomy":"category","embeddable":true,"href":"https:\/\/swissmig.unine.ch\/index.php?rest_route=%2Fwp%2Fv2%2Fcategories&post=2645"},{"taxonomy":"post_tag","embeddable":true,"href":"https:\/\/swissmig.unine.ch\/index.php?rest_route=%2Fwp%2Fv2%2Ftags&post=2645"}],"curies":[{"name":"wp","href":"https:\/\/api.w.org\/{rel}","templated":true}]}}