{"id":2643,"date":"2019-02-19T14:24:40","date_gmt":"2019-02-19T13:24:40","guid":{"rendered":"https:\/\/swissmig.wordpress.com\/?p=2643"},"modified":"2019-02-19T14:24:40","modified_gmt":"2019-02-19T13:24:40","slug":"les-trajectoires-migratoires-entre-flux-filieres-et-mythes-le-cas-des-italiens-du-canton-de-vaud","status":"publish","type":"post","link":"https:\/\/swissmig.unine.ch\/?p=2643","title":{"rendered":"Les trajectoires migratoires: entre flux, fili\u00e8res et mythes: le cas des italiens du canton de Vaud"},"content":{"rendered":"<h3>Author(s) : Marina Marengo<\/h3>\n<h3>Source : <a href=\"http:\/\/www.tetuslab.unige.it\/wp-content\/uploads\/2018\/01\/These_Marengo_2001-pdf.pdf\" target=\"_blank\" rel=\"noopener noreferrer\">http:\/\/www.tetuslab.unige.it\/wp-content\/uploads\/2018\/01\/These_Marengo_2001-pdf.pdf<\/a><\/h3>\n<h3>Source : <a href=\"https:\/\/doi.org\/10.5169\/seals-872873\" target=\"_blank\" rel=\"noopener\">https:\/\/doi.org\/10.5169\/seals-872873<\/a><\/h3>\n<p><strong>Abstract: <\/strong><!--more--><\/p>\n<blockquote>\n<div class=\"hlFld-Abstract\">\n<div class=\"abstractSection abstractInFull\">&#8220;La complexit\u00e9 des parcours migratoires italiens, malgr\u00e9 la vaste litt\u00e9rature existante, n\u2019a \u00e9t\u00e9 souvent \u00e9tudi\u00e9e en profondeur qu&#8217;au niveau de la Conf\u00e9d\u00e9ration Helv\u00e9tique ou bien dans le cadre d&#8217;un th\u00e8me sp\u00e9cifique li\u00e9, plus en g\u00e9n\u00e9ral, \u00e0 la pr\u00e9sence italienne en Suisse. En ce qui concerne le canton de Vaud, il n&#8217;existe pas, \u00e0 notre connaissance, une \u00e9tude scientifique sp\u00e9cifique sur la communaut\u00e9 italienne du canton. Il existe, bien s\u00fbr, des \u00e9tudes concernant des th\u00e8mes sp\u00e9cifiques &#8211; nous y avons d\u2019ailleurs contribu\u00e9 -, mais en r\u00e9alit\u00e9 cette communaut\u00e9 reste m\u00e9connue dans son ensemble. Si des \u00e9tudes scientifiques ou de vulgarisation ont mis en valeur certaines sp\u00e9cificit\u00e9s surtout historiques de cette communaut\u00e9 \u00e9trang\u00e8re du canton de Vaud et de Suisse Romande, la parole n\u2019a pas souvent \u00e9t\u00e9 offerte \u00e0 ces m\u00eames Italiens. C\u2019est en partie dans le dessin de leur donner la parole, pour se raconter et pour raconter leur histoire de l\u2019immigration italienne de l\u2019apr\u00e8s-guerre dans le canton de Vaud que ce travail a \u00e9t\u00e9 fait.&#8221;<\/div>\n<\/div>\n<\/blockquote>\n","protected":false},"excerpt":{"rendered":"<p>Author(s) : Marina Marengo Source : http:\/\/www.tetuslab.unige.it\/wp-content\/uploads\/2018\/01\/These_Marengo_2001-pdf.pdf Source : https:\/\/doi.org\/10.5169\/seals-872873&#8230;<\/p>\n","protected":false},"author":4,"featured_media":0,"comment_status":"open","ping_status":"open","sticky":false,"template":"","format":"standard","meta":{"_kadence_starter_templates_imported_post":false,"_kad_post_transparent":"","_kad_post_title":"","_kad_post_layout":"","_kad_post_sidebar_id":"","_kad_post_content_style":"","_kad_post_vertical_padding":"","_kad_post_feature":"","_kad_post_feature_position":"","_kad_post_header":false,"_kad_post_footer":false,"_kad_post_classname":"","jetpack_post_was_ever_published":false,"_jetpack_newsletter_access":"","_jetpack_dont_email_post_to_subs":false,"_jetpack_newsletter_tier_id":0,"_jetpack_memberships_contains_paywalled_content":false,"_jetpack_memberships_contains_paid_content":false,"footnotes":""},"categories":[43],"tags":[101,589,176,259,52,87,17,175,104,138,91,370],"class_list":["post-2643","post","type-post","status-publish","format-standard","hentry","category-the-migration-phenomenon","tag-101","tag-doctoral-thesis","tag-economic-integration","tag-ethnicity","tag-french-language","tag-history","tag-immigrants","tag-italians","tag-living-conditions","tag-migration-motives","tag-social-integration","tag-vaud"],"jetpack_featured_media_url":"","jetpack_sharing_enabled":true,"_links":{"self":[{"href":"https:\/\/swissmig.unine.ch\/index.php?rest_route=\/wp\/v2\/posts\/2643","targetHints":{"allow":["GET"]}}],"collection":[{"href":"https:\/\/swissmig.unine.ch\/index.php?rest_route=\/wp\/v2\/posts"}],"about":[{"href":"https:\/\/swissmig.unine.ch\/index.php?rest_route=\/wp\/v2\/types\/post"}],"author":[{"embeddable":true,"href":"https:\/\/swissmig.unine.ch\/index.php?rest_route=\/wp\/v2\/users\/4"}],"replies":[{"embeddable":true,"href":"https:\/\/swissmig.unine.ch\/index.php?rest_route=%2Fwp%2Fv2%2Fcomments&post=2643"}],"version-history":[{"count":0,"href":"https:\/\/swissmig.unine.ch\/index.php?rest_route=\/wp\/v2\/posts\/2643\/revisions"}],"wp:attachment":[{"href":"https:\/\/swissmig.unine.ch\/index.php?rest_route=%2Fwp%2Fv2%2Fmedia&parent=2643"}],"wp:term":[{"taxonomy":"category","embeddable":true,"href":"https:\/\/swissmig.unine.ch\/index.php?rest_route=%2Fwp%2Fv2%2Fcategories&post=2643"},{"taxonomy":"post_tag","embeddable":true,"href":"https:\/\/swissmig.unine.ch\/index.php?rest_route=%2Fwp%2Fv2%2Ftags&post=2643"}],"curies":[{"name":"wp","href":"https:\/\/api.w.org\/{rel}","templated":true}]}}