{"id":2641,"date":"2019-02-12T11:00:43","date_gmt":"2019-02-12T10:00:43","guid":{"rendered":"https:\/\/swissmig.wordpress.com\/?p=2641"},"modified":"2019-02-12T11:00:43","modified_gmt":"2019-02-12T10:00:43","slug":"migrationsangste-der-schweizer-bevolkerung","status":"publish","type":"post","link":"https:\/\/swissmig.unine.ch\/?p=2641","title":{"rendered":"Migrations\u00e4ngste der Schweizer Bev\u00f6lkerung"},"content":{"rendered":"<h3>Author(s) : Didier Ruedin, Gianni D\u2019Amato, Nicole Wichmann, Marco Pecoraro<\/h3>\n<h3>Source : <a href=\"https:\/\/www.unine.ch\/files\/live\/sites\/sfm\/files\/listes_publicationsSFM\/Studie_Migrationsaengste_sfm.pdf\" target=\"_blank\" rel=\"noopener noreferrer\">https:\/\/www.unine.ch\/files\/live\/sites\/sfm\/files\/listes_publicationsSFM\/Studie_Migrationsaengste_sfm.pdf<\/a><\/h3>\n<p><strong>Abstract: <\/strong><!--more--><\/p>\n<blockquote>\n<div class=\"hlFld-Abstract\">\n<div class=\"abstractSection abstractInFull\">&#8220;Die Personenfreiz\u00fcgigkeit ist ein wichtiges Standbein der Schweizer Wirtschaft. Durch Zuwanderung ist es m\u00f6glich, Stellen zu besetzen, die durch die einheimischen Arbeitskr\u00e4fte nicht abgedeckt werden k\u00f6nnen. Ein Vergleich der Profile von neu Zugewanderten mit Schweizerinnen und Schweizern, die in den letzten drei Jahren auf dem Arbeitsmarkt getreten sind, zeigt, dass sie im Grossen und Ganzen auf dem Arbeitsmarkt nicht in Konkurrenz treten. Die zwei Kohorten von Neueintritten in den Schweizer Arbeitsmarkt f\u00fcllen tendenziell andere L\u00fccken.Trotzdem ist es eine Tatsache, dass ein gewisses Missbehagen gegen\u00fcber Ausl\u00e4nderinnen und Ausl\u00e4ndern besteht. Dies zeigt sich nicht nur in Abstimmungsresultaten, sondern auch in einer von swissstaffingin Auftrag gegebenen neuen Erhebung. Die meisten Schweizerinnen und Schweizer sind Ausl\u00e4nderinnen und Ausl\u00e4ndern nicht stark abgeneigt, doch die verschiedenen Ausl\u00e4ndergruppen werden unterschiedlich wahrgenommen.Zugewanderte aus westeurop\u00e4ischen Staaten werden gleich perzipiert wie Schweizerinnen und Schweizer aus Nachbarkantonen.&#8221;<\/div>\n<\/div>\n<\/blockquote>\n<p>&nbsp;<\/p>\n","protected":false},"excerpt":{"rendered":"<p>Author(s) : Didier Ruedin, Gianni D\u2019Amato, Nicole Wichmann, Marco Pecoraro&#8230;<\/p>\n","protected":false},"author":4,"featured_media":0,"comment_status":"open","ping_status":"open","sticky":false,"template":"","format":"standard","meta":{"_kadence_starter_templates_imported_post":false,"_kad_post_transparent":"","_kad_post_title":"","_kad_post_layout":"","_kad_post_sidebar_id":"","_kad_post_content_style":"","_kad_post_vertical_padding":"","_kad_post_feature":"","_kad_post_feature_position":"","_kad_post_header":false,"_kad_post_footer":false,"_kad_post_classname":"","jetpack_post_was_ever_published":false,"_jetpack_newsletter_access":"","_jetpack_dont_email_post_to_subs":false,"_jetpack_newsletter_tier_id":0,"_jetpack_memberships_contains_paywalled_content":false,"_jetpack_memberships_contains_paid_content":false,"footnotes":""},"categories":[43],"tags":[75,37,57,151,176,73,19,36,249,91,279],"class_list":["post-2641","post","type-post","status-publish","format-standard","hentry","category-the-migration-phenomenon","tag-75","tag-attitudes-towards-migrants","tag-comparative-analysis","tag-cultural-identity","tag-economic-integration","tag-german-language","tag-labour-market","tag-migration-policy","tag-report","tag-social-integration","tag-socioeconomic-factors"],"jetpack_featured_media_url":"","jetpack_sharing_enabled":true,"_links":{"self":[{"href":"https:\/\/swissmig.unine.ch\/index.php?rest_route=\/wp\/v2\/posts\/2641","targetHints":{"allow":["GET"]}}],"collection":[{"href":"https:\/\/swissmig.unine.ch\/index.php?rest_route=\/wp\/v2\/posts"}],"about":[{"href":"https:\/\/swissmig.unine.ch\/index.php?rest_route=\/wp\/v2\/types\/post"}],"author":[{"embeddable":true,"href":"https:\/\/swissmig.unine.ch\/index.php?rest_route=\/wp\/v2\/users\/4"}],"replies":[{"embeddable":true,"href":"https:\/\/swissmig.unine.ch\/index.php?rest_route=%2Fwp%2Fv2%2Fcomments&post=2641"}],"version-history":[{"count":0,"href":"https:\/\/swissmig.unine.ch\/index.php?rest_route=\/wp\/v2\/posts\/2641\/revisions"}],"wp:attachment":[{"href":"https:\/\/swissmig.unine.ch\/index.php?rest_route=%2Fwp%2Fv2%2Fmedia&parent=2641"}],"wp:term":[{"taxonomy":"category","embeddable":true,"href":"https:\/\/swissmig.unine.ch\/index.php?rest_route=%2Fwp%2Fv2%2Fcategories&post=2641"},{"taxonomy":"post_tag","embeddable":true,"href":"https:\/\/swissmig.unine.ch\/index.php?rest_route=%2Fwp%2Fv2%2Ftags&post=2641"}],"curies":[{"name":"wp","href":"https:\/\/api.w.org\/{rel}","templated":true}]}}