{"id":2635,"date":"2019-02-07T11:25:30","date_gmt":"2019-02-07T10:25:30","guid":{"rendered":"https:\/\/swissmig.wordpress.com\/?p=2635"},"modified":"2019-02-07T11:25:30","modified_gmt":"2019-02-07T10:25:30","slug":"sous-le-populisme-la-pluralite-anti-elitisme-et-rapports-au-leader-chez-les-militants-de-lunion-democratique-du-centre-en-suisse","status":"publish","type":"post","link":"https:\/\/swissmig.unine.ch\/?p=2635","title":{"rendered":"Sous le populisme, la pluralit\u00e9: anti-\u00e9litisme et rapports au leader chez les militants de l&#8217;Union D\u00e9mocratique du Centre en Suisse"},"content":{"rendered":"<h3>Author(s) : Philippe Gottraux, C\u00e9cile P\u00e9chu<\/h3>\n<h3>Source : <a href=\"https:\/\/serval.unil.ch\/notice\/serval:BIB_49DFC1E9B184\" target=\"_blank\" rel=\"noopener\">https:\/\/serval.unil.ch\/notice\/serval:BIB_49DFC1E9B184<\/a><\/h3>\n<p><strong>Abstract: <\/strong><!--more--><\/p>\n<blockquote>\n<div class=\"hlFld-Abstract\">\n<div class=\"abstractSection abstractInFull\">\n<p>&#8220;La litt\u00e9rature tend \u00e0 caract\u00e9riser le populisme par deux dimensions : l&#8217;appel au peuple contre les \u00e9lites et un type particulier de rapport au leader. A partir d&#8217;entretiens approfondis avec des militants de l&#8217;Union D\u00e9mocratique du Centre (UDC) men\u00e9s dans le cadre d&#8217;une \u00e9tude sur la pluralit\u00e9 des logiques d&#8217;engagement dans ce parti, ce texte traite du r\u00f4le de ces deux dimensions dans l&#8217;attachement au parti. Nous constatons d&#8217;une part que ces dimensions ne sont pas syst\u00e9matiquement pr\u00e9sentes chez les militants rencontr\u00e9s ; l&#8217;attachement au parti peut m\u00eame s&#8217;op\u00e8rer en d\u00e9pit du discours \u00ab populiste \u00bb du parti. Nous montrons d&#8217;autre part que les formes que prennent ces dimensions diff\u00e8rent en fonction des propri\u00e9t\u00e9s sociales et des parcours de vie des activistes. En d\u00e9finitive, la notion de populisme, lorsqu&#8217;elle entend rendre compte de la \u00ab demande \u00bb d&#8217;attachement \u00e0 ce type de parti venant des militants et\/ou des \u00e9lecteurs, provoque plus de confusion que de clart\u00e9. Elle ne d\u00e9signe implicitement qu&#8217;un nombre limit\u00e9 de registres dans l&#8217;attachement \u00e0 un parti tel l&#8217;UDC: un rapport \u00e9motionnel au leader, et un sentiment anti-\u00e9lites d\u00e9coulant d&#8217;un manque de sophistication politique.&#8221;<\/p>\n<div class=\"keywords row\">\n<div class=\"name col-sm-3\"><strong>Mots-cl\u00e9: <\/strong>Populisme, militantisme, Suisse, anti-\u00e9litisme, leadership<\/div>\n<\/div>\n<p>&nbsp;<\/p>\n<\/div>\n<\/div>\n<\/blockquote>\n<p>&nbsp;<\/p>\n","protected":false},"excerpt":{"rendered":"<p>Author(s) : Philippe Gottraux, C\u00e9cile P\u00e9chu Source : https:\/\/serval.unil.ch\/notice\/serval:BIB_49DFC1E9B184 Abstract:<\/p>\n","protected":false},"author":4,"featured_media":0,"comment_status":"open","ping_status":"open","sticky":false,"template":"","format":"standard","meta":{"_kadence_starter_templates_imported_post":false,"_kad_post_transparent":"","_kad_post_title":"","_kad_post_layout":"","_kad_post_sidebar_id":"","_kad_post_content_style":"","_kad_post_vertical_padding":"","_kad_post_feature":"","_kad_post_feature_position":"","_kad_post_header":false,"_kad_post_footer":false,"_kad_post_classname":"","jetpack_post_was_ever_published":false,"_jetpack_newsletter_access":"","_jetpack_dont_email_post_to_subs":false,"_jetpack_newsletter_tier_id":0,"_jetpack_memberships_contains_paywalled_content":false,"_jetpack_memberships_contains_paid_content":false,"footnotes":""},"categories":[12],"tags":[14,37,52,326,94,95,254,309,97],"class_list":["post-2635","post","type-post","status-publish","format-standard","hentry","category-politics","tag-14","tag-attitudes-towards-migrants","tag-french-language","tag-political-representation","tag-political-system","tag-populism","tag-right-wing-radicalism","tag-working-paper","tag-xenophobia"],"jetpack_featured_media_url":"","jetpack_sharing_enabled":true,"_links":{"self":[{"href":"https:\/\/swissmig.unine.ch\/index.php?rest_route=\/wp\/v2\/posts\/2635","targetHints":{"allow":["GET"]}}],"collection":[{"href":"https:\/\/swissmig.unine.ch\/index.php?rest_route=\/wp\/v2\/posts"}],"about":[{"href":"https:\/\/swissmig.unine.ch\/index.php?rest_route=\/wp\/v2\/types\/post"}],"author":[{"embeddable":true,"href":"https:\/\/swissmig.unine.ch\/index.php?rest_route=\/wp\/v2\/users\/4"}],"replies":[{"embeddable":true,"href":"https:\/\/swissmig.unine.ch\/index.php?rest_route=%2Fwp%2Fv2%2Fcomments&post=2635"}],"version-history":[{"count":0,"href":"https:\/\/swissmig.unine.ch\/index.php?rest_route=\/wp\/v2\/posts\/2635\/revisions"}],"wp:attachment":[{"href":"https:\/\/swissmig.unine.ch\/index.php?rest_route=%2Fwp%2Fv2%2Fmedia&parent=2635"}],"wp:term":[{"taxonomy":"category","embeddable":true,"href":"https:\/\/swissmig.unine.ch\/index.php?rest_route=%2Fwp%2Fv2%2Fcategories&post=2635"},{"taxonomy":"post_tag","embeddable":true,"href":"https:\/\/swissmig.unine.ch\/index.php?rest_route=%2Fwp%2Fv2%2Ftags&post=2635"}],"curies":[{"name":"wp","href":"https:\/\/api.w.org\/{rel}","templated":true}]}}