{"id":2621,"date":"2019-01-28T13:35:37","date_gmt":"2019-01-28T12:35:37","guid":{"rendered":"https:\/\/swissmig.wordpress.com\/?p=2621"},"modified":"2019-01-28T13:35:37","modified_gmt":"2019-01-28T12:35:37","slug":"burgerschaft-und-demokratie-in-zeiten-transnationaler-migration-hintergrunde-chancen-und-risiken-der-doppelburgerschaft","status":"publish","type":"post","link":"https:\/\/swissmig.unine.ch\/?p=2621","title":{"rendered":"B\u00fcrgerschaft und Demokratie in \u00adZeiten transnationaler Migration: Hintergr\u00fcnde, Chancen und Risiken der Doppelb\u00fcrgerschaft"},"content":{"rendered":"<h3>Author(s) : Joachim Blatter, Martina Sochin D&#8217;EliaMichael Buess<\/h3>\n<h3>Source : <a href=\"https:\/\/www.ekm.admin.ch\/dam\/data\/ekm\/dokumentation\/materialien\/ekm-studie-doppelbuerger-d.pdf\" target=\"_blank\" rel=\"noopener\">https:\/\/www.ekm.admin.ch\/dam\/data\/ekm\/dokumentation\/materialien\/ekm-studie-doppelbuerger-d.pdf<\/a><\/h3>\n<p><strong>Abstract: <\/strong><!--more--><\/p>\n<blockquote>\n<div>\n<p>&#8220;Wenn Statistiken \u00fcber die Bev\u00f6lkerung der Schweiz ver\u00f6ffentlicht werden, dann sind die Menschen in der Regel in Schweizer und Ausl\u00e4nder aufgeteilt. Es interessiert, wie gross der Ausl\u00e4nderanteil an der Gesamtbev\u00f6lkerung ist und wie stark er w\u00e4chst. Diese statistische Trennung bestimmt unsere Sicht auf die Gesellschaft. Sie zeigt auf, wer dazugeh\u00f6rt und wer nicht dazugeh\u00f6rt. Doch wie meist, wenn gesellschaftliche Fragen auf zwei dichotome Pole beschr\u00e4nkt werden, hat dies wenig mit der viel komplexeren Wirklichkeit zu tun, vereinfacht oder verzerrt diese vielmehr. In den Statistiken werden die doppelten und mehrfachen Staatsb\u00fcrgerschaften nicht ber\u00fccksichtigt. Wenn wir diese in die Berechnungen einbeziehen, entsteht ein neues Bild: Nicht das Bild eines Entweder-Oder, Schweizerin-Ausl\u00e4nderin, sondern das Bild eines zunehmenden Sowohl-als-auch, sowohl Schweizer als auch Ausl\u00e4nder. 2016 besass rund ein Viertel aller Schweizerinnen und Schweizer im In- und Ausland eine doppelte oder mehrfache Staatsb\u00fcrgerschaft, bei den in der Schweiz lebenden waren es 13 Prozent. Von den Schweizerinnen und Schweizern im Ausland k\u00f6nnen sogar drei Viertel auf zwei oder mehr P\u00e4sse zur\u00fcckgreifen. Dieser Anteil ist im Laufe der Jahre kontinuierlich gewachsen. Und der Anteil der Schweizer Doppelb\u00fcrgerinnen und -b\u00fcrger unter der Wohnbev\u00f6lkerung nimmt in j\u00fcngster Zeit schneller zu als der Anteil der Ausl\u00e4nderinnen und Ausl\u00e4nder.&#8221;<\/p>\n<\/div>\n<\/blockquote>\n<p>&nbsp;<\/p>\n","protected":false},"excerpt":{"rendered":"<p>Author(s) : Joachim Blatter, Martina Sochin D&#8217;EliaMichael Buess Source :&#8230;<\/p>\n","protected":false},"author":4,"featured_media":0,"comment_status":"open","ping_status":"open","sticky":false,"template":"","format":"standard","meta":{"_kadence_starter_templates_imported_post":false,"_kad_post_transparent":"","_kad_post_title":"","_kad_post_layout":"","_kad_post_sidebar_id":"","_kad_post_content_style":"","_kad_post_vertical_padding":"","_kad_post_feature":"","_kad_post_feature_position":"","_kad_post_header":false,"_kad_post_footer":false,"_kad_post_classname":"","jetpack_post_was_ever_published":false,"_jetpack_newsletter_access":"","_jetpack_dont_email_post_to_subs":false,"_jetpack_newsletter_tier_id":0,"_jetpack_memberships_contains_paywalled_content":false,"_jetpack_memberships_contains_paid_content":false,"footnotes":""},"categories":[12],"tags":[285,70,191,52,129,36,205,93,94,249,143,26],"class_list":["post-2621","post","type-post","status-publish","format-standard","hentry","category-politics","tag-285","tag-citizenship","tag-demography","tag-french-language","tag-law","tag-migration-policy","tag-national-identity","tag-naturalization","tag-political-system","tag-report","tag-statistical-data","tag-transnationalism"],"jetpack_featured_media_url":"","jetpack_sharing_enabled":true,"_links":{"self":[{"href":"https:\/\/swissmig.unine.ch\/index.php?rest_route=\/wp\/v2\/posts\/2621","targetHints":{"allow":["GET"]}}],"collection":[{"href":"https:\/\/swissmig.unine.ch\/index.php?rest_route=\/wp\/v2\/posts"}],"about":[{"href":"https:\/\/swissmig.unine.ch\/index.php?rest_route=\/wp\/v2\/types\/post"}],"author":[{"embeddable":true,"href":"https:\/\/swissmig.unine.ch\/index.php?rest_route=\/wp\/v2\/users\/4"}],"replies":[{"embeddable":true,"href":"https:\/\/swissmig.unine.ch\/index.php?rest_route=%2Fwp%2Fv2%2Fcomments&post=2621"}],"version-history":[{"count":0,"href":"https:\/\/swissmig.unine.ch\/index.php?rest_route=\/wp\/v2\/posts\/2621\/revisions"}],"wp:attachment":[{"href":"https:\/\/swissmig.unine.ch\/index.php?rest_route=%2Fwp%2Fv2%2Fmedia&parent=2621"}],"wp:term":[{"taxonomy":"category","embeddable":true,"href":"https:\/\/swissmig.unine.ch\/index.php?rest_route=%2Fwp%2Fv2%2Fcategories&post=2621"},{"taxonomy":"post_tag","embeddable":true,"href":"https:\/\/swissmig.unine.ch\/index.php?rest_route=%2Fwp%2Fv2%2Ftags&post=2621"}],"curies":[{"name":"wp","href":"https:\/\/api.w.org\/{rel}","templated":true}]}}