{"id":2618,"date":"2019-01-28T13:25:38","date_gmt":"2019-01-28T12:25:38","guid":{"rendered":"https:\/\/swissmig.wordpress.com\/?p=2618"},"modified":"2019-01-28T13:25:38","modified_gmt":"2019-01-28T12:25:38","slug":"nationalite-et-democratie-en-periode-de-migrations-transnationales-contexte-opportunites-et-risques-de-la-double-nationalite","status":"publish","type":"post","link":"https:\/\/swissmig.unine.ch\/?p=2618","title":{"rendered":"Nationalit\u00e9 et d\u00e9mocratie en p\u00e9riode de migrations transnationales : contexte, opportunit\u00e9s et risques de la double nationalit\u00e9"},"content":{"rendered":"<h3>Author(s) : Joachim Blatter, Martina Sochin D&#8217;EliaMichael Buess<\/h3>\n<h3>Source : <a href=\"https:\/\/www.ekm.admin.ch\/dam\/data\/ekm\/dokumentation\/materialien\/ekm-studie-doppelbuerger-f.pdf\" target=\"_blank\" rel=\"noopener\">https:\/\/www.ekm.admin.ch\/dam\/data\/ekm\/dokumentation\/materialien\/ekm-studie-doppelbuerger-f.pdf<\/a><\/h3>\n<p><strong>Abstract: <\/strong><!--more--><\/p>\n<blockquote>\n<div>\n<p>&#8220;Le fait que de plus en plus de personnes poss\u00e8dent simultan\u00e9ment deux nationalit\u00e9s, voire plus, donne lieu \u00e0 des controverses parfois virulentes, que ce soit en Suisse ou \u00e0 l\u2019\u00e9tranger. En Suisse aussi, le d\u00e9bat politique et les initiatives parlementaires portant sur le th\u00e8me de la double nationalit\u00e9 ou de la nationalit\u00e9 multiple s\u2019amplifient. Dans ce contexte, la pr\u00e9sente \u00e9tude livre pour la premi\u00e8re fois un aper\u00e7u complet des \u00e9volutions d\u00e9mographiques et juridiques \u00e0 ce sujet. L\u2019\u00e9tude pr\u00e9sente les opportunit\u00e9s et les risques de la double nationalit\u00e9 selon diff\u00e9rentes perspectives. Elle fournit ainsi des faits et des arguments pour alimenter le d\u00e9bat politique qui \u2013 comme d\u2019autres aspects de la politique de migration \u2013 s\u2019accompagne trop souvent de pr\u00e9jug\u00e9s et tend \u00e0 se laisser diriger par l\u2019\u00e9motion.&#8221;<\/p>\n<\/div>\n<\/blockquote>\n<p>&nbsp;<\/p>\n","protected":false},"excerpt":{"rendered":"<p>Author(s) : Joachim Blatter, Martina Sochin D&#8217;EliaMichael Buess Source :&#8230;<\/p>\n","protected":false},"author":4,"featured_media":0,"comment_status":"open","ping_status":"open","sticky":false,"template":"","format":"standard","meta":{"_kadence_starter_templates_imported_post":false,"_kad_post_transparent":"","_kad_post_title":"","_kad_post_layout":"","_kad_post_sidebar_id":"","_kad_post_content_style":"","_kad_post_vertical_padding":"","_kad_post_feature":"","_kad_post_feature_position":"","_kad_post_header":false,"_kad_post_footer":false,"_kad_post_classname":"","jetpack_post_was_ever_published":false,"_jetpack_newsletter_access":"","_jetpack_dont_email_post_to_subs":false,"_jetpack_newsletter_tier_id":0,"_jetpack_memberships_contains_paywalled_content":false,"_jetpack_memberships_contains_paid_content":false,"footnotes":""},"categories":[12],"tags":[285,70,191,52,129,36,205,93,94,249,143,26],"class_list":["post-2618","post","type-post","status-publish","format-standard","hentry","category-politics","tag-285","tag-citizenship","tag-demography","tag-french-language","tag-law","tag-migration-policy","tag-national-identity","tag-naturalization","tag-political-system","tag-report","tag-statistical-data","tag-transnationalism"],"jetpack_featured_media_url":"","jetpack_sharing_enabled":true,"_links":{"self":[{"href":"https:\/\/swissmig.unine.ch\/index.php?rest_route=\/wp\/v2\/posts\/2618","targetHints":{"allow":["GET"]}}],"collection":[{"href":"https:\/\/swissmig.unine.ch\/index.php?rest_route=\/wp\/v2\/posts"}],"about":[{"href":"https:\/\/swissmig.unine.ch\/index.php?rest_route=\/wp\/v2\/types\/post"}],"author":[{"embeddable":true,"href":"https:\/\/swissmig.unine.ch\/index.php?rest_route=\/wp\/v2\/users\/4"}],"replies":[{"embeddable":true,"href":"https:\/\/swissmig.unine.ch\/index.php?rest_route=%2Fwp%2Fv2%2Fcomments&post=2618"}],"version-history":[{"count":0,"href":"https:\/\/swissmig.unine.ch\/index.php?rest_route=\/wp\/v2\/posts\/2618\/revisions"}],"wp:attachment":[{"href":"https:\/\/swissmig.unine.ch\/index.php?rest_route=%2Fwp%2Fv2%2Fmedia&parent=2618"}],"wp:term":[{"taxonomy":"category","embeddable":true,"href":"https:\/\/swissmig.unine.ch\/index.php?rest_route=%2Fwp%2Fv2%2Fcategories&post=2618"},{"taxonomy":"post_tag","embeddable":true,"href":"https:\/\/swissmig.unine.ch\/index.php?rest_route=%2Fwp%2Fv2%2Ftags&post=2618"}],"curies":[{"name":"wp","href":"https:\/\/api.w.org\/{rel}","templated":true}]}}