{"id":2614,"date":"2019-01-28T12:42:43","date_gmt":"2019-01-28T11:42:43","guid":{"rendered":"https:\/\/swissmig.wordpress.com\/?p=2614"},"modified":"2019-01-28T12:42:43","modified_gmt":"2019-01-28T11:42:43","slug":"la-population-kosovare-en-suisse","status":"publish","type":"post","link":"https:\/\/swissmig.unine.ch\/?p=2614","title":{"rendered":"La population kosovare en Suisse"},"content":{"rendered":"<h3>Author(s) : Barbara Burri Sharani, Denise Efionayi-M\u00e4der, Stephan Hammer, Marco Pecoraro, Bernhard Soland, Astrit Tsaka, Chantal Wyssm\u00fcller<\/h3>\n<h3>Source : <a href=\"https:\/\/edudoc.ch\/record\/49984\/files\/diasporastudie-kosovo-f.pdf\" target=\"_blank\" rel=\"noopener\">https:\/\/edudoc.ch\/record\/49984\/files\/diasporastudie-kosovo-f.pdf<\/a><\/h3>\n<p><strong>Abstract: <\/strong><!--more--><\/p>\n<blockquote>\n<div>\n<p>&#8220;Pr\u00e9sente depuis plusieurs d\u00e9cennies, la population kosovare constitue l\u2019un des principaux groupes d\u2019immigr\u00e9s en Suisse. On ne sait pourtant que peu de choses sur les Kosovars qui vivent sur notre sol. Un vide documentaire auquel sont confront\u00e9s en particulier les sp\u00e9cialistes, qui ont un besoin r\u00e9el d\u2019informations sur le contexte migratoire et les conditions de vie des personnes originaires du Kosovo qu\u2019ils c\u00f4toient dans leur travail. Partant de ce constat, l\u2019Office f\u00e9d\u00e9ral des migrations (ODM) a charg\u00e9 la Haute \u00e9cole pour le travail social (HES) de Lucerne et le Forum suisse pour l\u2019\u00e9tude des migrations et de la population (SFM) de l\u2019Universit\u00e9 de Neuch\u00e2tel de pr\u00e9senter une \u00e9tude d\u2019ensemble sur cette population, qui retrace son histoire migratoire, sa situation socio-d\u00e9mographique et socio-\u00e9conomique, sa culture et ses relations transnationales.&#8221;<\/p>\n<\/div>\n<\/blockquote>\n<p>&nbsp;<\/p>\n","protected":false},"excerpt":{"rendered":"<p>Author(s) : Barbara Burri Sharani, Denise Efionayi-M\u00e4der, Stephan Hammer, Marco&#8230;<\/p>\n","protected":false},"author":4,"featured_media":0,"comment_status":"open","ping_status":"open","sticky":false,"template":"","format":"standard","meta":{"_kadence_starter_templates_imported_post":false,"_kad_post_transparent":"","_kad_post_title":"","_kad_post_layout":"","_kad_post_sidebar_id":"","_kad_post_content_style":"","_kad_post_vertical_padding":"","_kad_post_feature":"","_kad_post_feature_position":"","_kad_post_header":false,"_kad_post_footer":false,"_kad_post_classname":"","jetpack_post_was_ever_published":false,"_jetpack_newsletter_access":"","_jetpack_dont_email_post_to_subs":false,"_jetpack_newsletter_tier_id":0,"_jetpack_memberships_contains_paywalled_content":false,"_jetpack_memberships_contains_paid_content":false,"footnotes":""},"categories":[24],"tags":[131,151,121,52,87,298,104,249,91,279,26],"class_list":["post-2614","post","type-post","status-publish","format-standard","hentry","category-society-family-racism","tag-131","tag-cultural-identity","tag-ethnic-minorities","tag-french-language","tag-history","tag-kosovars","tag-living-conditions","tag-report","tag-social-integration","tag-socioeconomic-factors","tag-transnationalism"],"jetpack_featured_media_url":"","jetpack_sharing_enabled":true,"_links":{"self":[{"href":"https:\/\/swissmig.unine.ch\/index.php?rest_route=\/wp\/v2\/posts\/2614","targetHints":{"allow":["GET"]}}],"collection":[{"href":"https:\/\/swissmig.unine.ch\/index.php?rest_route=\/wp\/v2\/posts"}],"about":[{"href":"https:\/\/swissmig.unine.ch\/index.php?rest_route=\/wp\/v2\/types\/post"}],"author":[{"embeddable":true,"href":"https:\/\/swissmig.unine.ch\/index.php?rest_route=\/wp\/v2\/users\/4"}],"replies":[{"embeddable":true,"href":"https:\/\/swissmig.unine.ch\/index.php?rest_route=%2Fwp%2Fv2%2Fcomments&post=2614"}],"version-history":[{"count":0,"href":"https:\/\/swissmig.unine.ch\/index.php?rest_route=\/wp\/v2\/posts\/2614\/revisions"}],"wp:attachment":[{"href":"https:\/\/swissmig.unine.ch\/index.php?rest_route=%2Fwp%2Fv2%2Fmedia&parent=2614"}],"wp:term":[{"taxonomy":"category","embeddable":true,"href":"https:\/\/swissmig.unine.ch\/index.php?rest_route=%2Fwp%2Fv2%2Fcategories&post=2614"},{"taxonomy":"post_tag","embeddable":true,"href":"https:\/\/swissmig.unine.ch\/index.php?rest_route=%2Fwp%2Fv2%2Ftags&post=2614"}],"curies":[{"name":"wp","href":"https:\/\/api.w.org\/{rel}","templated":true}]}}