{"id":2612,"date":"2019-01-21T15:39:50","date_gmt":"2019-01-21T14:39:50","guid":{"rendered":"https:\/\/swissmig.wordpress.com\/?p=2612"},"modified":"2019-01-21T15:39:50","modified_gmt":"2019-01-21T14:39:50","slug":"personne-agee-et-migrante-doublement-isolee","status":"publish","type":"post","link":"https:\/\/swissmig.unine.ch\/?p=2612","title":{"rendered":"Personne \u00e2g\u00e9e et migrante : doublement isol\u00e9e?"},"content":{"rendered":"<h3>Author(s) : Claudio Bolzman<\/h3>\n<h3>Source : <a href=\"https:\/\/www.reiso.org\/articles\/themes\/vieillesse\/2249-personne-agee-et-migrante-doublement-isolee\" target=\"_blank\" rel=\"noopener\">https:\/\/www.reiso.org\/articles\/themes\/vieillesse\/2249-personne-agee-et-migrante-doublement-isolee<\/a><\/h3>\n<p><strong>Abstract: <\/strong><!--more--><\/p>\n<blockquote>\n<div>\n<p>&#8220;L\u2019imaginaire collectif a longtemps vu les personnes immigr\u00e9es comme une force de travail qui n\u2019allait pas rester en Suisse. Les \u00e9tudes ont contredit cette fiction. Depuis lors, sur le terrain, l\u2019int\u00e9gration peine encore \u00e0 se concr\u00e9tiser.&#8221;<\/p>\n<\/div>\n<\/blockquote>\n<p>&nbsp;<\/p>\n","protected":false},"excerpt":{"rendered":"<p>Author(s) : Claudio Bolzman Source : https:\/\/www.reiso.org\/articles\/themes\/vieillesse\/2249-personne-agee-et-migrante-doublement-isolee Abstract:<\/p>\n","protected":false},"author":4,"featured_media":0,"comment_status":"open","ping_status":"open","sticky":false,"template":"","format":"standard","meta":{"_kadence_starter_templates_imported_post":false,"_kad_post_transparent":"","_kad_post_title":"","_kad_post_layout":"","_kad_post_sidebar_id":"","_kad_post_content_style":"","_kad_post_vertical_padding":"","_kad_post_feature":"","_kad_post_feature_position":"","_kad_post_header":false,"_kad_post_footer":false,"_kad_post_classname":"","jetpack_post_was_ever_published":false,"_jetpack_newsletter_access":"","_jetpack_dont_email_post_to_subs":false,"_jetpack_newsletter_tier_id":0,"_jetpack_memberships_contains_paywalled_content":false,"_jetpack_memberships_contains_paid_content":false,"footnotes":""},"categories":[24],"tags":[48,7,281,273,191,142,52,87,122,36,60,91,313,312,578],"class_list":["post-2612","post","type-post","status-publish","format-standard","hentry","category-society-family-racism","tag-48","tag-article","tag-belonging","tag-cantons","tag-demography","tag-elderly","tag-french-language","tag-history","tag-migrants","tag-migration-policy","tag-older-migrants","tag-social-integration","tag-social-policy","tag-social-work","tag-spatial-inequalities"],"jetpack_featured_media_url":"","jetpack_sharing_enabled":true,"_links":{"self":[{"href":"https:\/\/swissmig.unine.ch\/index.php?rest_route=\/wp\/v2\/posts\/2612","targetHints":{"allow":["GET"]}}],"collection":[{"href":"https:\/\/swissmig.unine.ch\/index.php?rest_route=\/wp\/v2\/posts"}],"about":[{"href":"https:\/\/swissmig.unine.ch\/index.php?rest_route=\/wp\/v2\/types\/post"}],"author":[{"embeddable":true,"href":"https:\/\/swissmig.unine.ch\/index.php?rest_route=\/wp\/v2\/users\/4"}],"replies":[{"embeddable":true,"href":"https:\/\/swissmig.unine.ch\/index.php?rest_route=%2Fwp%2Fv2%2Fcomments&post=2612"}],"version-history":[{"count":0,"href":"https:\/\/swissmig.unine.ch\/index.php?rest_route=\/wp\/v2\/posts\/2612\/revisions"}],"wp:attachment":[{"href":"https:\/\/swissmig.unine.ch\/index.php?rest_route=%2Fwp%2Fv2%2Fmedia&parent=2612"}],"wp:term":[{"taxonomy":"category","embeddable":true,"href":"https:\/\/swissmig.unine.ch\/index.php?rest_route=%2Fwp%2Fv2%2Fcategories&post=2612"},{"taxonomy":"post_tag","embeddable":true,"href":"https:\/\/swissmig.unine.ch\/index.php?rest_route=%2Fwp%2Fv2%2Ftags&post=2612"}],"curies":[{"name":"wp","href":"https:\/\/api.w.org\/{rel}","templated":true}]}}