{"id":25960,"date":"2021-01-18T08:00:00","date_gmt":"2021-01-18T07:00:00","guid":{"rendered":"https:\/\/swissmig.wordpress.com\/?p=25960"},"modified":"2021-01-18T08:00:00","modified_gmt":"2021-01-18T07:00:00","slug":"traite-des-personnes-en-suisse-quelles-realites-quelle-protection-pour-les-victimes","status":"publish","type":"post","link":"https:\/\/swissmig.unine.ch\/?p=25960","title":{"rendered":"Traite des personnes en Suisse: quelles r\u00e9alit\u00e9s, quelle protection pour les victimes?"},"content":{"rendered":"<h3>Author(s) : Jo\u00eblle Moret, Denise Efionayi-M\u00e4der, Fabienne Stants<\/h3>\n<h3>Source : <a href=\"https:\/\/libra.unine.ch\/handle\/123456789\/17477\" target=\"_blank\" rel=\"noopener\">https:\/\/libra.unine.ch\/handle\/123456789\/17477<\/a><\/h3>\n<p><strong>Abstract: <\/strong><!--more--><\/p>\n<blockquote>\n<div class=\"hlFld-Abstract\">\n<div class=\"abstractSection abstractInFull\">&#8220;La probl\u00e9matique de la traite d&#8217;\u00eatres humains a pris une ampleur consid\u00e9rable au cours des derni\u00e8res ann\u00e9es, tant dans la sph\u00e8re m\u00e9diatique que dans l&#8217;agenda politique de la plupart des gouvernements et de nombreuses ONG. Pourtant, en Suisse comme ailleurs, les connaissances sur ce th\u00e8me complexe sont encore lacunaires. Cette \u00e9tude a pour objectif de combler certaines de ces lacunes, en \u00e9tablissant un \u00e9tat des lieux des diff\u00e9rentes facettes de la traite des personnes en Suisse, avec en point de mire la protection sociale des victimes et les politiques publiques en la mati\u00e8re. Un objectif suppl\u00e9mentaire de l&#8217;\u00e9tude est d&#8217;analyser la faisabilit\u00e9 et les modalit\u00e9s d&#8217;une \u00e9valuation quantitative du ph\u00e9nom\u00e8ne en Suisse.&#8221;<\/div>\n<div><\/div>\n<div class=\"abstractSection abstractInFull\"><strong>Zusammenfassung<\/strong>: &#8220;In den vergangenen Jahren ist Menschenhandel in den Medien und bei Nicht-regierungsorganisationen zu einem viel diskutierten Thema geworden. Zahlreiche europ\u00e4ische Regierungen haben es auf die politische Agenda gesetzt. In der Schweiz wissen wir &#8211; wie anderswo &#8211; sehr wenig \u00fcber die Facetten dieses vielschichtigen Ph\u00e4nomens. Die vorliegende Studie beabsichtigt, die bestehenden Wissensl\u00fccken ein St\u00fcck weit zu f\u00fcllen, indem sie eine Standortbestimmung der wichtigsten Erscheinungs-formen von Menschenhandel in der Schweiz vornimmt. Im Blickpunkt steht der Opferschutz im Sozialbereich als eigenes Politikfeld. Ein weiteres Ziel besteht darin, Hinweise zu liefern im Hinblick auf Machbarkeit und Voraussetzungen einer quantitativen Erfassung des Ph\u00e4nomens.&#8221;<\/div>\n<div><\/div>\n<div class=\"abstractSection abstractInFull\">\n<div id=\"articleAbstract\"><strong>Mots-cl\u00e9s <\/strong>: Switzerland, human smuggling, labour market, children, social protection, SFM Studies, public policy, refugees<\/div>\n<\/div>\n<\/div>\n<\/blockquote>\n","protected":false},"excerpt":{"rendered":"<p>Author(s) : Jo\u00eblle Moret, Denise Efionayi-M\u00e4der, Fabienne Stants Source :&#8230;<\/p>\n","protected":false},"author":4,"featured_media":0,"comment_status":"open","ping_status":"open","sticky":false,"template":"","format":"standard","meta":{"_kadence_starter_templates_imported_post":false,"_kad_post_transparent":"","_kad_post_title":"","_kad_post_layout":"","_kad_post_sidebar_id":"","_kad_post_content_style":"","_kad_post_vertical_padding":"","_kad_post_feature":"","_kad_post_feature_position":"","_kad_post_header":false,"_kad_post_footer":false,"_kad_post_classname":"","jetpack_post_was_ever_published":false,"_jetpack_newsletter_access":"","_jetpack_dont_email_post_to_subs":false,"_jetpack_newsletter_tier_id":0,"_jetpack_memberships_contains_paywalled_content":false,"_jetpack_memberships_contains_paid_content":false,"footnotes":""},"categories":[43],"tags":[169,318,120,52,271,293,19,129,36,692,249,645,641],"class_list":["post-25960","post","type-post","status-publish","format-standard","hentry","category-the-migration-phenomenon","tag-169","tag-children","tag-data-analysis","tag-french-language","tag-human-rights-violations","tag-human-smuggling","tag-labour-market","tag-law","tag-migration-policy","tag-public-policy","tag-report","tag-sfm-studies","tag-social-protection"],"jetpack_featured_media_url":"","jetpack_sharing_enabled":true,"_links":{"self":[{"href":"https:\/\/swissmig.unine.ch\/index.php?rest_route=\/wp\/v2\/posts\/25960","targetHints":{"allow":["GET"]}}],"collection":[{"href":"https:\/\/swissmig.unine.ch\/index.php?rest_route=\/wp\/v2\/posts"}],"about":[{"href":"https:\/\/swissmig.unine.ch\/index.php?rest_route=\/wp\/v2\/types\/post"}],"author":[{"embeddable":true,"href":"https:\/\/swissmig.unine.ch\/index.php?rest_route=\/wp\/v2\/users\/4"}],"replies":[{"embeddable":true,"href":"https:\/\/swissmig.unine.ch\/index.php?rest_route=%2Fwp%2Fv2%2Fcomments&post=25960"}],"version-history":[{"count":0,"href":"https:\/\/swissmig.unine.ch\/index.php?rest_route=\/wp\/v2\/posts\/25960\/revisions"}],"wp:attachment":[{"href":"https:\/\/swissmig.unine.ch\/index.php?rest_route=%2Fwp%2Fv2%2Fmedia&parent=25960"}],"wp:term":[{"taxonomy":"category","embeddable":true,"href":"https:\/\/swissmig.unine.ch\/index.php?rest_route=%2Fwp%2Fv2%2Fcategories&post=25960"},{"taxonomy":"post_tag","embeddable":true,"href":"https:\/\/swissmig.unine.ch\/index.php?rest_route=%2Fwp%2Fv2%2Ftags&post=25960"}],"curies":[{"name":"wp","href":"https:\/\/api.w.org\/{rel}","templated":true}]}}