{"id":2588,"date":"2019-01-15T10:30:29","date_gmt":"2019-01-15T09:30:29","guid":{"rendered":"https:\/\/swissmig.wordpress.com\/?p=2588"},"modified":"2019-01-15T10:30:29","modified_gmt":"2019-01-15T09:30:29","slug":"entre-demandes-de-reconnaissance-et-politique-daccommodation-les-orientations-culturelles-sociales-et-politiques-des-musulmans-en-suisse","status":"publish","type":"post","link":"https:\/\/swissmig.unine.ch\/?p=2588","title":{"rendered":"Entre demandes de reconnaissance et politique d&#8217;accommodation: Les orientations culturelles, sociales et politiques des Musulmans en Suisse"},"content":{"rendered":"<h3>Author(s) : Marco Giugni, Matteo Gianni, No\u00e9mi Michel<\/h3>\n<h3>Source : <a href=\"http:\/\/www.snf.ch\/SiteCollectionDocuments\/nfp\/nfp58\/NFP58_Schlussbericht_Giugni.pdf\">http:\/\/www.snf.ch\/SiteCollectionDocuments\/nfp\/nfp58\/NFP58_Schlussbericht_Giugni.pdf<\/a><\/h3>\n<p><strong>Abstract: <\/strong><span id=\"more-2539\"><\/span><\/p>\n<blockquote>\n<div>\n<p>&#8220;Depuis son origine, l\u2019\u00c9tat suisse a \u00e9t\u00e9 confront\u00e9 \u00e0 la gestion du pluralisme religieux et culturel. Cependant, cette gestion s\u2019est progressivement complexifi\u00e9e avec l\u2019arriv\u00e9e de nouveaux groupes de migrants et avec l\u2019augmentation de la visibilit\u00e9 publique de groupes sociaux. Les dynamiques multiculturelles de la Suisse se sont transform\u00e9es. D&#8217;une soci\u00e9t\u00e9 multiculturelle compos\u00e9e de minorit\u00e9s regroup\u00e9es sur une base territoriale, la soci\u00e9t\u00e9 helv\u00e9tique est devenue une soci\u00e9t\u00e9 multiculturelle dans laquelle la r\u00e9f\u00e9rence territoriale est de plus en plus secondaire. Ceci implique que les instruments de gestion classiques du pluralisme culturel de l\u2019Etat, comme par exemple le f\u00e9d\u00e9ralisme ou la d\u00e9mocratie directe, ne sont pas \u00e0 eux seuls adapt\u00e9s pour r\u00e9guler les dynamiques sociales et politiques induites par la pr\u00e9sence et l\u2019action politique des groupes non territorialis\u00e9s. C\u2019est dans ce contexte que se pose la question de l\u2019accommodation et de l\u2019int\u00e9gration des musulmans en Suisse.&#8221;<\/p>\n<\/div>\n<\/blockquote>\n<p><!--more--><\/p>\n<p>&nbsp;<\/p>\n","protected":false},"excerpt":{"rendered":"<p>Author(s) : Marco Giugni, Matteo Gianni, No\u00e9mi Michel Source :&#8230;<\/p>\n","protected":false},"author":4,"featured_media":0,"comment_status":"open","ping_status":"open","sticky":false,"template":"","format":"standard","meta":{"_kadence_starter_templates_imported_post":false,"_kad_post_transparent":"","_kad_post_title":"","_kad_post_layout":"","_kad_post_sidebar_id":"","_kad_post_content_style":"","_kad_post_vertical_padding":"","_kad_post_feature":"","_kad_post_feature_position":"","_kad_post_header":false,"_kad_post_footer":false,"_kad_post_classname":"","jetpack_post_was_ever_published":false,"_jetpack_newsletter_access":"","_jetpack_dont_email_post_to_subs":false,"_jetpack_newsletter_tier_id":0,"_jetpack_memberships_contains_paywalled_content":false,"_jetpack_memberships_contains_paid_content":false,"footnotes":""},"categories":[167],"tags":[131,151,52,223,180,116,326,94,444,168,249,91],"class_list":["post-2588","post","type-post","status-publish","format-standard","hentry","category-ethnicity-languages-religion-arts","tag-131","tag-cultural-identity","tag-french-language","tag-islam","tag-multiculturalism","tag-muslims","tag-political-representation","tag-political-system","tag-religious-institutions","tag-religious-practice","tag-report","tag-social-integration"],"jetpack_featured_media_url":"","jetpack_sharing_enabled":true,"_links":{"self":[{"href":"https:\/\/swissmig.unine.ch\/index.php?rest_route=\/wp\/v2\/posts\/2588","targetHints":{"allow":["GET"]}}],"collection":[{"href":"https:\/\/swissmig.unine.ch\/index.php?rest_route=\/wp\/v2\/posts"}],"about":[{"href":"https:\/\/swissmig.unine.ch\/index.php?rest_route=\/wp\/v2\/types\/post"}],"author":[{"embeddable":true,"href":"https:\/\/swissmig.unine.ch\/index.php?rest_route=\/wp\/v2\/users\/4"}],"replies":[{"embeddable":true,"href":"https:\/\/swissmig.unine.ch\/index.php?rest_route=%2Fwp%2Fv2%2Fcomments&post=2588"}],"version-history":[{"count":0,"href":"https:\/\/swissmig.unine.ch\/index.php?rest_route=\/wp\/v2\/posts\/2588\/revisions"}],"wp:attachment":[{"href":"https:\/\/swissmig.unine.ch\/index.php?rest_route=%2Fwp%2Fv2%2Fmedia&parent=2588"}],"wp:term":[{"taxonomy":"category","embeddable":true,"href":"https:\/\/swissmig.unine.ch\/index.php?rest_route=%2Fwp%2Fv2%2Fcategories&post=2588"},{"taxonomy":"post_tag","embeddable":true,"href":"https:\/\/swissmig.unine.ch\/index.php?rest_route=%2Fwp%2Fv2%2Ftags&post=2588"}],"curies":[{"name":"wp","href":"https:\/\/api.w.org\/{rel}","templated":true}]}}