{"id":2584,"date":"2019-01-14T16:35:08","date_gmt":"2019-01-14T15:35:08","guid":{"rendered":"https:\/\/swissmig.wordpress.com\/?p=2584"},"modified":"2025-11-21T08:38:51","modified_gmt":"2025-11-21T07:38:51","slug":"leben-ohne-bewilligung-in-der-schweiz-auswirkungen-auf-den-sozialen-schutz","status":"publish","type":"post","link":"https:\/\/swissmig.unine.ch\/?p=2584","title":{"rendered":"Leben ohne Bewilligung in der Schweiz: Auswirkungen auf den sozialen Schutz"},"content":{"rendered":"<h3>Author(s) : Christin Achermann, Denise Efionayi-M\u00e4der<\/h3>\n<h3>Source : <a href=\"http:\/\/scholar.google.ch\/scholar_url?url=https:\/\/www.bsv.admin.ch\/bsv\/de\/home\/publikationen-und-service\/forschung\/forschungspublikationen\/_jcr_content\/par\/externalcontent.external.exturl.pdf\/aHR0cHM6Ly9mb3JzY2h1bmcuc296aWFsZS1zaWNoZXJoZWl0LW\/Noc3MuY2gvd3AtY29udGVudC91cGxvYWRzL2ltcG9ydF8wMjc1\/M19kZS5wZGY%3D.pdf&amp;hl=fr&amp;sa=X&amp;d=10116395146174758047&amp;scisig=AAGBfm3IgZ2IMi79R0yl8-LyAD5z7gjQmA&amp;nossl=1&amp;oi=scholaralrt&amp;hist=s34qtlQAAAAJ:13728673805336576682:AAGBfm0YzBONLAnsjnMU3eB4fmJsT2Yvbw\">http:\/\/scholar.google.ch\/scholar_url?url=https:\/\/www.bsv.admin.ch\/bsv\/de\/home\/publikationen-und-service\/forschung\/forschungspublikationen\/_jcr_content\/par\/externalcontent.external.exturl.pdf\/aHR0cHM6Ly9mb3JzY2h1bmcuc296aWFsZS1zaWNoZXJoZWl0LW\/Noc3MuY2gvd3AtY29udGVudC91cGxvYWRzL2ltcG9ydF8wMjc1\/M19kZS5wZGY%3D.pdf&amp;hl=fr&amp;sa=X&amp;d=10116395146174758047&amp;scisig=AAGBfm3IgZ2IMi79R0yl8-LyAD5z7gjQmA&amp;nossl=1&amp;oi=scholaralrt&amp;hist=s34qtlQAAAAJ:13728673805336576682:AAGBfm0YzBONLAnsjnMU3eB4fmJsT2Yvbw<\/a><\/h3>\n<p><strong>Abstract: <\/strong><span id=\"more-2539\"><\/span><\/p>\n<blockquote>\n<div>\n<p>&#8220;In der Schweiz leben laut Sch\u00e4tzungen zwischen 70&#8217;000 und 180&#8217;000 Sans-Papiers, d.h. Ausl\u00e4nderInnen, die f\u00fcr den Aufenthalt keine erforderliche Bewilligung besitzen. Seit einigen Jahren wird ihre Anwesenheit vermehrt wahrgenommen und \u00f6ffentlich diskutiert. Die Diskussionen drehen sich dabei vor allem um ausl\u00e4nderrechtliche oder, wie beispielsweise beim Gesetz \u00fcber Schwarzarbeit, um arbeitsmarktpolitische Frage stellungen. Weniger bekannt ist die Situation der Sans-Papiers im Bereich der sozialen Sicherheit: Auch wenn sie ohne Aufenthaltsbewilligung in der Schweiz leben, sind sie nicht von allen Rechten<br \/>\nausgeschlossen.&#8221;<\/p>\n<p>&#8220;Il y aurait en Suisse, selon les estimations, entre 70 000 et 180 000 sans-papiers, autrement dit des \u00e9trangers qui vivent dans le pays sans les autorisations requises. Depuis quelques ann\u00e9es, leur pr\u00e9sence passe de moins en moins inaper\u00e7ue et fait l\u2019objet d\u2019un d\u00e9bat de plus en plus nourri. Les discussions portent surtout sur des th\u00e8mes li\u00e9s au droit des \u00e9trangers ou, comme en t\u00e9moigne l\u2019int\u00e9r\u00eat suscit\u00e9 par la loi contre le travail au noir, \u00e0 la politique de l\u2019emploi. La situation des sans-papiers en mati\u00e8re de s\u00e9curit\u00e9 sociale est moins bien connue. M\u00eame lorsqu\u2019ils vivent en Suisse sans autorisation de s\u00e9jour, ils ne sont pas priv\u00e9s de tous les droits.&#8221;<\/p>\n<\/div>\n<\/blockquote>\n<p><!--more--><\/p>\n<p>&nbsp;<\/p>\n","protected":false},"excerpt":{"rendered":"<p>Author(s) : Christin Achermann, Denise Efionayi-M\u00e4der Source : http:\/\/scholar.google.ch\/scholar_url?url=https:\/\/www.bsv.admin.ch\/bsv\/de\/home\/publikationen-und-service\/forschung\/forschungspublikationen\/_jcr_content\/par\/externalcontent.external.exturl.pdf\/aHR0cHM6Ly9mb3JzY2h1bmcuc296aWFsZS1zaWNoZXJoZWl0LW\/Noc3MuY2gvd3AtY29udGVudC91cGxvYWRzL2ltcG9ydF8wMjc1\/M19kZS5wZGY%3D.pdf&amp;hl=fr&amp;sa=X&amp;d=10116395146174758047&amp;scisig=AAGBfm3IgZ2IMi79R0yl8-LyAD5z7gjQmA&amp;nossl=1&amp;oi=scholaralrt&amp;hist=s34qtlQAAAAJ:13728673805336576682:AAGBfm0YzBONLAnsjnMU3eB4fmJsT2Yvbw Abstract:&#8230;<\/p>\n","protected":false},"author":4,"featured_media":0,"comment_status":"open","ping_status":"open","sticky":false,"template":"","format":"standard","meta":{"_kadence_starter_templates_imported_post":false,"_kad_post_transparent":"","_kad_post_title":"","_kad_post_layout":"","_kad_post_sidebar_id":"","_kad_post_content_style":"","_kad_post_vertical_padding":"","_kad_post_feature":"","_kad_post_feature_position":"","_kad_post_header":false,"_kad_post_footer":false,"_kad_post_classname":"","jetpack_post_was_ever_published":false,"_jetpack_newsletter_access":"","_jetpack_dont_email_post_to_subs":false,"_jetpack_newsletter_tier_id":0,"_jetpack_memberships_contains_paywalled_content":false,"_jetpack_memberships_contains_paid_content":false,"footnotes":""},"categories":[24],"tags":[481,273,611,73,271,40,563,98,294,19,129,249,308,245,262],"class_list":["post-2584","post","type-post","status-publish","format-standard","hentry","category-society-family-racism","tag-481","tag-cantons","tag-clandestine-employment","tag-german-language","tag-human-rights-violations","tag-immigration-control","tag-immigration-law","tag-immigration-policy","tag-irregular-migration","tag-labour-market","tag-law","tag-report","tag-social-security","tag-temporary-migration","tag-undocumented-immigrants"],"jetpack_featured_media_url":"","jetpack_sharing_enabled":true,"_links":{"self":[{"href":"https:\/\/swissmig.unine.ch\/index.php?rest_route=\/wp\/v2\/posts\/2584","targetHints":{"allow":["GET"]}}],"collection":[{"href":"https:\/\/swissmig.unine.ch\/index.php?rest_route=\/wp\/v2\/posts"}],"about":[{"href":"https:\/\/swissmig.unine.ch\/index.php?rest_route=\/wp\/v2\/types\/post"}],"author":[{"embeddable":true,"href":"https:\/\/swissmig.unine.ch\/index.php?rest_route=\/wp\/v2\/users\/4"}],"replies":[{"embeddable":true,"href":"https:\/\/swissmig.unine.ch\/index.php?rest_route=%2Fwp%2Fv2%2Fcomments&post=2584"}],"version-history":[{"count":1,"href":"https:\/\/swissmig.unine.ch\/index.php?rest_route=\/wp\/v2\/posts\/2584\/revisions"}],"predecessor-version":[{"id":38214,"href":"https:\/\/swissmig.unine.ch\/index.php?rest_route=\/wp\/v2\/posts\/2584\/revisions\/38214"}],"wp:attachment":[{"href":"https:\/\/swissmig.unine.ch\/index.php?rest_route=%2Fwp%2Fv2%2Fmedia&parent=2584"}],"wp:term":[{"taxonomy":"category","embeddable":true,"href":"https:\/\/swissmig.unine.ch\/index.php?rest_route=%2Fwp%2Fv2%2Fcategories&post=2584"},{"taxonomy":"post_tag","embeddable":true,"href":"https:\/\/swissmig.unine.ch\/index.php?rest_route=%2Fwp%2Fv2%2Ftags&post=2584"}],"curies":[{"name":"wp","href":"https:\/\/api.w.org\/{rel}","templated":true}]}}