{"id":2580,"date":"2019-01-13T22:54:31","date_gmt":"2019-01-13T21:54:31","guid":{"rendered":"https:\/\/swissmig.wordpress.com\/?p=2580"},"modified":"2019-01-13T22:54:31","modified_gmt":"2019-01-13T21:54:31","slug":"gare-terminus-suisse-processus-dintegration-des-refugies-colombiens-habitant-la-suisse-romande","status":"publish","type":"post","link":"https:\/\/swissmig.unine.ch\/?p=2580","title":{"rendered":"Gare terminus : Suisse. Processus d&#8217;int\u00e9gration des r\u00e9fugi\u00e9s colombiens     habitant la Suisse romande"},"content":{"rendered":"<h3>Author(s) : Carole Rojas Duarte<\/h3>\n<h3>Source : <a href=\"https:\/\/serval.unil.ch\/resource\/serval:BIB_S_000000022332.P001\/REF.pdf\">https:\/\/serval.unil.ch\/resource\/serval:BIB_S_000000022332.P001\/REF.pdf<\/a><\/h3>\n<p><strong>Abstract: <\/strong><span id=\"more-2539\"><\/span><\/p>\n<blockquote>\n<div>\n<p>&#8220;Ma recherche se situe dans le cadre de l\u2019exil politique colombien en Suisse romande. Elle est tout particuli\u00e8rement ax\u00e9e sur le processus d\u2019int\u00e9gration des r\u00e9fugi\u00e9s politiques colombiens dans la soci\u00e9t\u00e9 suisse. Dans mon id\u00e9al, je voudrais donner la parole \u00e0 ceux qui ne sont pas \u00e9cout\u00e9s et peut-\u00ad\u00eatre pouvoir leur octroyer la place qu\u2019ils m\u00e9ritent comme n\u2019importe quel acteur social.&#8221;<\/p>\n<\/div>\n<\/blockquote>\n<p><!--more--><\/p>\n<p>&nbsp;<\/p>\n","protected":false},"excerpt":{"rendered":"<p>Author(s) : Carole Rojas Duarte Source : https:\/\/serval.unil.ch\/resource\/serval:BIB_S_000000022332.P001\/REF.pdf Abstract: &#8220;Ma&#8230;<\/p>\n","protected":false},"author":4,"featured_media":0,"comment_status":"open","ping_status":"open","sticky":false,"template":"","format":"standard","meta":{"_kadence_starter_templates_imported_post":false,"_kad_post_transparent":"","_kad_post_title":"","_kad_post_layout":"","_kad_post_sidebar_id":"","_kad_post_content_style":"","_kad_post_vertical_padding":"","_kad_post_feature":"","_kad_post_feature_position":"","_kad_post_header":false,"_kad_post_footer":false,"_kad_post_classname":"","jetpack_post_was_ever_published":false,"_jetpack_newsletter_access":"","_jetpack_dont_email_post_to_subs":false,"_jetpack_newsletter_tier_id":0,"_jetpack_memberships_contains_paywalled_content":false,"_jetpack_memberships_contains_paid_content":false,"footnotes":""},"categories":[24],"tags":[141,610,121,52,387,160,18,319,325,90,103,91],"class_list":["post-2580","post","type-post","status-publish","format-standard","hentry","category-society-family-racism","tag-141","tag-colombians","tag-ethnic-minorities","tag-french-language","tag-integration-policy","tag-integration-programmes","tag-international-migration","tag-master-thesis","tag-methodology","tag-reception-policy","tag-refugees","tag-social-integration"],"jetpack_featured_media_url":"","jetpack_sharing_enabled":true,"_links":{"self":[{"href":"https:\/\/swissmig.unine.ch\/index.php?rest_route=\/wp\/v2\/posts\/2580","targetHints":{"allow":["GET"]}}],"collection":[{"href":"https:\/\/swissmig.unine.ch\/index.php?rest_route=\/wp\/v2\/posts"}],"about":[{"href":"https:\/\/swissmig.unine.ch\/index.php?rest_route=\/wp\/v2\/types\/post"}],"author":[{"embeddable":true,"href":"https:\/\/swissmig.unine.ch\/index.php?rest_route=\/wp\/v2\/users\/4"}],"replies":[{"embeddable":true,"href":"https:\/\/swissmig.unine.ch\/index.php?rest_route=%2Fwp%2Fv2%2Fcomments&post=2580"}],"version-history":[{"count":0,"href":"https:\/\/swissmig.unine.ch\/index.php?rest_route=\/wp\/v2\/posts\/2580\/revisions"}],"wp:attachment":[{"href":"https:\/\/swissmig.unine.ch\/index.php?rest_route=%2Fwp%2Fv2%2Fmedia&parent=2580"}],"wp:term":[{"taxonomy":"category","embeddable":true,"href":"https:\/\/swissmig.unine.ch\/index.php?rest_route=%2Fwp%2Fv2%2Fcategories&post=2580"},{"taxonomy":"post_tag","embeddable":true,"href":"https:\/\/swissmig.unine.ch\/index.php?rest_route=%2Fwp%2Fv2%2Ftags&post=2580"}],"curies":[{"name":"wp","href":"https:\/\/api.w.org\/{rel}","templated":true}]}}