{"id":2571,"date":"2019-01-04T10:59:30","date_gmt":"2019-01-04T09:59:30","guid":{"rendered":"https:\/\/swissmig.wordpress.com\/?p=2571"},"modified":"2019-01-04T10:59:30","modified_gmt":"2019-01-04T09:59:30","slug":"admis-provisoires-en-suisse-trajectoires-a-travers-les-statuts","status":"publish","type":"post","link":"https:\/\/swissmig.unine.ch\/?p=2571","title":{"rendered":"Admis provisoires en Suisse : trajectoires \u00e0 travers les statuts"},"content":{"rendered":"<h3>Author(s) : Denise Efionayi-M\u00e4der, Didier Ruedin<\/h3>\n<h3>Source : <a href=\"https:\/\/www.ekm.admin.ch\/dam\/data\/ekm\/dokumentation\/materialien\/mat_va_f.pdf\">https:\/\/www.ekm.admin.ch\/dam\/data\/ekm\/dokumentation\/materialien\/mat_va_f.pdf<\/a><\/h3>\n<p><strong>Abstract: <\/strong><span id=\"more-2539\"><\/span><\/p>\n<blockquote>\n<div>\n<p>&#8220;Renvoy\u00e9s, mais tout de m\u00eame admis\u2013l\u2019admission provisoire est un statut de s\u00e9jour mal connu en Suisse. Elle a \u00e9t\u00e9 introduite en 1987 comme mesure de remplacement lorsque l\u2019ex\u00e9cution d\u2019une mesure de renvoi n\u2019\u00e9tait pas possible et elle vient compl\u00e9ter le statut de r\u00e9fugi\u00e9 selon la Convention de Gen\u00e8ve. En r\u00e8gle g\u00e9n\u00e9rale, une admission provisoire est ordonn\u00e9e dans le but de prot\u00e9ger des personnes, bien qu\u2019elles ne remplissent pas les crit\u00e8res voulus pour demander l\u2019asile. Cela se produit par exemple lorsque les autorit\u00e9s estiment que le renvoi d\u2019une personne dans son pays d\u2019origine est inadmissible pour des motifs comme la guerre civile, une situation de violence prolong\u00e9e ou une n\u00e9cessit\u00e9 m\u00e9dicale. L\u2019admission provisoire est une forme de protection subsidiaire au statut de r\u00e9fugi\u00e9 conform\u00e9ment \u00e0 la Convention de Gen\u00e8ve, qui est de plus en plus pratiqu\u00e9e depuis les ann\u00e9es 1990.&#8221;<\/p>\n<\/div>\n<\/blockquote>\n<p><!--more--><\/p>\n<p>&nbsp;<\/p>\n","protected":false},"excerpt":{"rendered":"<p>Author(s) : Denise Efionayi-M\u00e4der, Didier Ruedin Source : https:\/\/www.ekm.admin.ch\/dam\/data\/ekm\/dokumentation\/materialien\/mat_va_f.pdf Abstract:&#8230;<\/p>\n","protected":false},"author":4,"featured_media":0,"comment_status":"open","ping_status":"open","sticky":false,"template":"","format":"standard","meta":{"_kadence_starter_templates_imported_post":false,"_kad_post_transparent":"","_kad_post_title":"","_kad_post_layout":"","_kad_post_sidebar_id":"","_kad_post_content_style":"","_kad_post_vertical_padding":"","_kad_post_feature":"","_kad_post_feature_position":"","_kad_post_header":false,"_kad_post_footer":false,"_kad_post_classname":"","jetpack_post_was_ever_published":false,"_jetpack_newsletter_access":"","_jetpack_dont_email_post_to_subs":false,"_jetpack_newsletter_tier_id":0,"_jetpack_memberships_contains_paywalled_content":false,"_jetpack_memberships_contains_paid_content":false,"footnotes":""},"categories":[12],"tags":[6,111,112,50,163,328,609,87,98,94,249,402],"class_list":["post-2571","post","type-post","status-publish","format-standard","hentry","category-politics","tag-6","tag-asylum-applications","tag-asylum-procedure","tag-asylum-seekers","tag-deportation","tag-expulsion","tag-geneva-convention","tag-history","tag-immigration-policy","tag-political-system","tag-report","tag-temporary-admission"],"jetpack_featured_media_url":"","jetpack_sharing_enabled":true,"_links":{"self":[{"href":"https:\/\/swissmig.unine.ch\/index.php?rest_route=\/wp\/v2\/posts\/2571","targetHints":{"allow":["GET"]}}],"collection":[{"href":"https:\/\/swissmig.unine.ch\/index.php?rest_route=\/wp\/v2\/posts"}],"about":[{"href":"https:\/\/swissmig.unine.ch\/index.php?rest_route=\/wp\/v2\/types\/post"}],"author":[{"embeddable":true,"href":"https:\/\/swissmig.unine.ch\/index.php?rest_route=\/wp\/v2\/users\/4"}],"replies":[{"embeddable":true,"href":"https:\/\/swissmig.unine.ch\/index.php?rest_route=%2Fwp%2Fv2%2Fcomments&post=2571"}],"version-history":[{"count":0,"href":"https:\/\/swissmig.unine.ch\/index.php?rest_route=\/wp\/v2\/posts\/2571\/revisions"}],"wp:attachment":[{"href":"https:\/\/swissmig.unine.ch\/index.php?rest_route=%2Fwp%2Fv2%2Fmedia&parent=2571"}],"wp:term":[{"taxonomy":"category","embeddable":true,"href":"https:\/\/swissmig.unine.ch\/index.php?rest_route=%2Fwp%2Fv2%2Fcategories&post=2571"},{"taxonomy":"post_tag","embeddable":true,"href":"https:\/\/swissmig.unine.ch\/index.php?rest_route=%2Fwp%2Fv2%2Ftags&post=2571"}],"curies":[{"name":"wp","href":"https:\/\/api.w.org\/{rel}","templated":true}]}}