{"id":2555,"date":"2018-12-18T13:56:40","date_gmt":"2018-12-18T12:56:40","guid":{"rendered":"https:\/\/swissmig.wordpress.com\/?p=2555"},"modified":"2018-12-18T13:56:40","modified_gmt":"2018-12-18T12:56:40","slug":"discrimination-dans-lacces-a-lemploi-des-jeunes-dorigine-immigree-en-suisse","status":"publish","type":"post","link":"https:\/\/swissmig.unine.ch\/?p=2555","title":{"rendered":"Discrimination dans l\u2019acc\u00e8s \u00e0 l\u2019emploi des jeunes d\u2019origine immigr\u00e9e en suisse"},"content":{"rendered":"<h3>Author(s) : Rosita Fibbi<\/h3>\n<h3>Source : <a href=\"https:\/\/journals.openedition.org\/formationemploi\/2352\">https:\/\/journals.openedition.org\/formationemploi\/2352<\/a><\/h3>\n<p><strong>Abstract: <\/strong><span id=\"more-2539\"><\/span><\/p>\n<blockquote>\n<div>\n<p>&#8220;La proportion d\u2019\u00e9trangers r\u00e9sidant en Suisse atteint vingt pour cent ; pourtant, ce n\u2019est que dans les ann\u00e9es 90 que le pays s\u2019est dot\u00e9 d\u2019une politique d\u2019int\u00e9gration. Un taux de ch\u00f4mage \u00e9lev\u00e9 parmi les immigr\u00e9s constitue un des facteurs \u00e0 l\u2019origine de cet important changement politique. Cet article utilise d\u2019une part la premi\u00e8re enqu\u00eate suisse fond\u00e9e sur le test des pratiques effectives de l\u2019Organisation internationale du travail (simulation de curriculum vitae) et d\u2019autre part le recensement 2000. Il appara\u00eet que les jeunes \u00e9tablis depuis longtemps dans le pays sont confront\u00e9s \u00e0 la discrimination dans l\u2019acc\u00e8s \u00e0 l\u2019emploi et ce m\u00eame lorsqu\u2019ils poss\u00e8dent les m\u00eames qualifications que leurs condisciples suisses. Ainsi, la politique d\u2019int\u00e9gration suisse doit \u00eatre repens\u00e9e de mani\u00e8re plus globale.&#8221;<\/p>\n<p><strong>Mots-cl\u00e9s<\/strong>\u00a0: discrimination raciale, enqu\u00eate, population d\u2019origine \u00e9trang\u00e8re, recrutement, Suisse, travailleur migrant<\/p>\n<p>&#8220;As many as 20% of the inhabitants of Switzerland are of foreign origin; and yet it was only during the 90s that proper integration policies were adopted in this country at federal level. The high rate of unemployment occurring among immigrants was one of the main factors responsible for this major political change. This paper was based both on the results of a Swiss experimental study in which the International Labour Organisation (ILO) method of testing effective practices (involving simulated curriculum vitae) was applied, and on the 2000 national census. It emerges from these combined sources that not only newcomers but also young people who have been living in this country for a long time undergo discriminatory practices preventing them from gaining access to employment, even when they hold the same qualifications as their Swiss counterparts. Integration policies in Switzerland therefore need to be revised in order to address this issue.&#8221;<\/p>\n<p><strong>Keywords<\/strong>\u00a0: migrant worker, population of foreign origin, racial discrimination, recruitment, survey, Switzerland<\/p>\n<p>&#8220;Obwohl der Anteil der in der Schweiz lebenden Ausl\u00e4nder nahezu 20% betr\u00e4gt, existiert eine Politik der Integration auf f\u00f6deraler Ebene erst seit den 1990er Jahren. Ausschlaggebend f\u00fcr diese \u00c4nderung im politischen Kurs war u.a. die feststellbare, \u00fcberaus hohe Arbeitslosenrate bei der Migranten. In diesem Beitrag st\u00fctzt sich die Autorin auf die Daten der ersten in der Schweiz durchgef\u00fchrten Erhebung, die auf einer semiexperimentellen Methode der Internationalen Organisation f\u00fcr Arbeit (ILO) (\u201epractice testing\u201c \u2013 Testen realer Praktiken) beruht, sowie auf die Daten der eidgen\u00f6ssischen Volksz\u00e4hlung vom Jahr 2000. So zeichnet sich eine deutliche Ungleichbehandlung junger, schon lange in der Schweiz lebender Erwachsener auf dem Arbeitsmarkt ab ; diese Ungleichbehandlung besteht auch, wenn sie identische Qualifikationen wie vergleichbare Stellenbewerber schweizerischer Herkunft nachweisen k\u00f6nnen. Dies sollte Anlass genug f\u00fcr die Schweiz sein, ihre Ausl\u00e4nderpolitik zu \u00fcberdenken.&#8221;<\/p>\n<p><strong>Schlagw\u00f6rter<\/strong>\u00a0: Erhebung, Rassendiskriminierung, Rekrutierung, Schweiz, Wanderarbeitnehmer bev\u00f6lkerung ausl\u00e4ndischer Herkunft<\/p>\n<\/div>\n<\/blockquote>\n<p><!--more--><\/p>\n<p>&nbsp;<\/p>\n","protected":false},"excerpt":{"rendered":"<p>Author(s) : Rosita Fibbi Source : https:\/\/journals.openedition.org\/formationemploi\/2352 Abstract: &#8220;La proportion&#8230;<\/p>\n","protected":false},"author":4,"featured_media":0,"comment_status":"open","ping_status":"open","sticky":false,"template":"","format":"standard","meta":{"_kadence_starter_templates_imported_post":false,"_kad_post_transparent":"","_kad_post_title":"","_kad_post_layout":"","_kad_post_sidebar_id":"","_kad_post_content_style":"","_kad_post_vertical_padding":"","_kad_post_feature":"","_kad_post_feature_position":"","_kad_post_header":false,"_kad_post_footer":false,"_kad_post_classname":"","jetpack_post_was_ever_published":false,"_jetpack_newsletter_access":"","_jetpack_dont_email_post_to_subs":false,"_jetpack_newsletter_tier_id":0,"_jetpack_memberships_contains_paywalled_content":false,"_jetpack_memberships_contains_paid_content":false,"footnotes":""},"categories":[16],"tags":[417,362,7,92,82,28,52,387,19,606,181,84,384,118],"class_list":["post-2555","post","type-post","status-publish","format-standard","hentry","category-economics","tag-417","tag-access-to-employment","tag-article","tag-country-of-origin","tag-ethnic-discrimination","tag-foreigners","tag-french-language","tag-integration-policy","tag-labour-market","tag-recruitment","tag-survey","tag-unemployment","tag-workers","tag-youth"],"jetpack_featured_media_url":"","jetpack_sharing_enabled":true,"_links":{"self":[{"href":"https:\/\/swissmig.unine.ch\/index.php?rest_route=\/wp\/v2\/posts\/2555","targetHints":{"allow":["GET"]}}],"collection":[{"href":"https:\/\/swissmig.unine.ch\/index.php?rest_route=\/wp\/v2\/posts"}],"about":[{"href":"https:\/\/swissmig.unine.ch\/index.php?rest_route=\/wp\/v2\/types\/post"}],"author":[{"embeddable":true,"href":"https:\/\/swissmig.unine.ch\/index.php?rest_route=\/wp\/v2\/users\/4"}],"replies":[{"embeddable":true,"href":"https:\/\/swissmig.unine.ch\/index.php?rest_route=%2Fwp%2Fv2%2Fcomments&post=2555"}],"version-history":[{"count":0,"href":"https:\/\/swissmig.unine.ch\/index.php?rest_route=\/wp\/v2\/posts\/2555\/revisions"}],"wp:attachment":[{"href":"https:\/\/swissmig.unine.ch\/index.php?rest_route=%2Fwp%2Fv2%2Fmedia&parent=2555"}],"wp:term":[{"taxonomy":"category","embeddable":true,"href":"https:\/\/swissmig.unine.ch\/index.php?rest_route=%2Fwp%2Fv2%2Fcategories&post=2555"},{"taxonomy":"post_tag","embeddable":true,"href":"https:\/\/swissmig.unine.ch\/index.php?rest_route=%2Fwp%2Fv2%2Ftags&post=2555"}],"curies":[{"name":"wp","href":"https:\/\/api.w.org\/{rel}","templated":true}]}}