{"id":2544,"date":"2018-12-11T14:29:16","date_gmt":"2018-12-11T13:29:16","guid":{"rendered":"https:\/\/swissmig.wordpress.com\/?p=2544"},"modified":"2026-02-23T14:36:29","modified_gmt":"2026-02-23T13:36:29","slug":"laccompagnement-des-requerants-dasile-deboutes-par-les-associations-daction-sociale-quelle-complementarite-avec-les-actions-de-l-etat","status":"publish","type":"post","link":"https:\/\/swissmig.unine.ch\/?p=2544","title":{"rendered":"L&#8217;accompagnement des requ\u00e9rants d&#8217;asile d\u00e9bout\u00e9s par les associations d&#8217;action sociale : quelle compl\u00e9mentarit\u00e9 avec les actions de l&#8217; \u00c9tat?"},"content":{"rendered":"<h3>Author(s) : Alexandra El Hayek, Nelly Joost<\/h3>\n<h3>Source : <a href=\"https:\/\/www.trait-dunion.ch\/data\/web\/trait-dunion.ch\/uploads\/pdf\/tb17_elhayek_joost_2017.pdf\" target=\"_blank\" rel=\"noopener\">https:\/\/www.trait-dunion.ch\/data\/web\/trait-dunion.ch\/uploads\/pdf\/tb17_elhayek_joost_2017.pdf<\/a><\/h3>\n<p><strong>Abstract: <\/strong><span id=\"more-2539\"><\/span><\/p>\n<blockquote>\n<div>\n<p>\u00abLes RAD [requ\u00e9rant-e d&#8217;asile d\u00e9bout\u00e9-e] dont l\u2019acc\u00e8s aux services sociaux est limit\u00e9, font appel aux associations d\u2019action sociale pour compl\u00e9ter l\u2019aide d\u2019urgence et obtenir de quoi survivre (Povlakic, 2011) ; cette aide octroy\u00e9e pour subvenir \u00e0 leurs besoins vitaux ne suffit souvent pas \u00e0 les prot\u00e9ger contre la mis\u00e8re (Trummer, 2008). Les RAD qui ont re\u00e7u une d\u00e9cision n\u00e9gative suite \u00e0 une audition sur leurs motifs d\u2019asile par le Secr\u00e9tariat d\u2019Etat aux migrations [SEM] (compl\u00e9t\u00e9e ou non par une audition f\u00e9d\u00e9rale suppl\u00e9mentaire) doivent en r\u00e8gle g\u00e9n\u00e9rale quitter le territoire suisse. Parfois, l\u2019absence de papier d\u2019identit\u00e9, le manque d\u2019accords entre la Suisse et le pays d\u2019origine ou l\u2019admission provisoire d\u00e9livr\u00e9e, rendent la d\u00e9cision de renvoi difficile \u00e0 ex\u00e9cuter (Amalaman, 2016). Nous avons fait le choix de traiter uniquement de la question des RAD qui ne peuvent \u00eatre renvoy\u00e9s dans leur pays d\u2019origine ou ne veulent pas quitter le territoire &#8211; soit parce qu\u2019ils se sont install\u00e9s le temps de l\u2019examen de leur demande d\u2019asile, soit parce qu\u2019ils ont pu travailler et cr\u00e9er des liens sociaux. Les organisations priv\u00e9es re\u00e7oivent cette population confront\u00e9e \u00e0 des difficult\u00e9s sociales dont les risques psychosociaux li\u00e9s \u00e0 leur statut ne peuvent \u00eatre n\u00e9glig\u00e9s. Notre revue de la litt\u00e9rature a pour objectif d\u2019identifier la mani\u00e8re dont les actions des associations d\u2019action sociale et de l&#8217;\u00c9tat se compl\u00e8tent dans l\u2019accompagnement des RAD.\u00bb<\/p>\n<\/div>\n<\/blockquote>\n<p><!--more--><\/p>\n","protected":false},"excerpt":{"rendered":"<p>Author(s) : Alexandra El Hayek, Nelly Joost Source : https:\/\/www.trait-dunion.ch\/data\/web\/trait-dunion.ch\/uploads\/pdf\/tb17_elhayek_joost_2017.pdf&#8230;<\/p>\n","protected":false},"author":4,"featured_media":0,"comment_status":"open","ping_status":"open","sticky":false,"template":"","format":"standard","meta":{"_kadence_starter_templates_imported_post":false,"_kad_post_transparent":"","_kad_post_title":"","_kad_post_layout":"","_kad_post_sidebar_id":"","_kad_post_content_style":"","_kad_post_vertical_padding":"","_kad_post_feature":"","_kad_post_feature_position":"","_kad_post_header":false,"_kad_post_footer":false,"_kad_post_classname":"","jetpack_post_was_ever_published":false,"_jetpack_newsletter_access":"","_jetpack_dont_email_post_to_subs":false,"_jetpack_newsletter_tier_id":0,"_jetpack_memberships_contains_paywalled_content":false,"_jetpack_memberships_contains_paid_content":false,"footnotes":""},"categories":[24],"tags":[285,112,50,292,328,270,52,129,104,464,487,102,90,340,312,401],"class_list":["post-2544","post","type-post","status-publish","format-standard","hentry","category-society-family-racism","tag-285","tag-asylum-procedure","tag-asylum-seekers","tag-bachelor-thesis","tag-expulsion","tag-forcible-return","tag-french-language","tag-law","tag-living-conditions","tag-nem-nee","tag-ngos","tag-poverty","tag-reception-policy","tag-social-support","tag-social-work","tag-social-workers"],"jetpack_featured_media_url":"","jetpack_sharing_enabled":true,"_links":{"self":[{"href":"https:\/\/swissmig.unine.ch\/index.php?rest_route=\/wp\/v2\/posts\/2544","targetHints":{"allow":["GET"]}}],"collection":[{"href":"https:\/\/swissmig.unine.ch\/index.php?rest_route=\/wp\/v2\/posts"}],"about":[{"href":"https:\/\/swissmig.unine.ch\/index.php?rest_route=\/wp\/v2\/types\/post"}],"author":[{"embeddable":true,"href":"https:\/\/swissmig.unine.ch\/index.php?rest_route=\/wp\/v2\/users\/4"}],"replies":[{"embeddable":true,"href":"https:\/\/swissmig.unine.ch\/index.php?rest_route=%2Fwp%2Fv2%2Fcomments&post=2544"}],"version-history":[{"count":1,"href":"https:\/\/swissmig.unine.ch\/index.php?rest_route=\/wp\/v2\/posts\/2544\/revisions"}],"predecessor-version":[{"id":38605,"href":"https:\/\/swissmig.unine.ch\/index.php?rest_route=\/wp\/v2\/posts\/2544\/revisions\/38605"}],"wp:attachment":[{"href":"https:\/\/swissmig.unine.ch\/index.php?rest_route=%2Fwp%2Fv2%2Fmedia&parent=2544"}],"wp:term":[{"taxonomy":"category","embeddable":true,"href":"https:\/\/swissmig.unine.ch\/index.php?rest_route=%2Fwp%2Fv2%2Fcategories&post=2544"},{"taxonomy":"post_tag","embeddable":true,"href":"https:\/\/swissmig.unine.ch\/index.php?rest_route=%2Fwp%2Fv2%2Ftags&post=2544"}],"curies":[{"name":"wp","href":"https:\/\/api.w.org\/{rel}","templated":true}]}}