{"id":2536,"date":"2018-12-04T15:00:15","date_gmt":"2018-12-04T14:00:15","guid":{"rendered":"https:\/\/swissmig.wordpress.com\/?p=2536"},"modified":"2018-12-04T15:00:15","modified_gmt":"2018-12-04T14:00:15","slug":"das-integrationsleitbild-der-stadt-bern-neu-uberdacht","status":"publish","type":"post","link":"https:\/\/swissmig.unine.ch\/?p=2536","title":{"rendered":"Das Integrationsleitbild der Stadt Bern neu \u00fcberdacht"},"content":{"rendered":"<h3>Author(s) : Silvia Sch\u00f6nenberger, Gianni D&#8217;Amato<\/h3>\n<h3>Source : <a href=\"https:\/\/www.unine.ch\/files\/live\/sites\/sfm\/files\/shared\/pub\/dp\/dp24.pdf\">https:\/\/www.unine.ch\/files\/live\/sites\/sfm\/files\/shared\/pub\/dp\/dp24.pdf<\/a><\/h3>\n<p><strong>Abstract: <\/strong><!--more--><\/p>\n<blockquote>\n<div>&#8220;Am 1. Januar 2008 trat das neue Ausl\u00e4ndergesetz, welches im September 2006 vom Volk angenommen wurde, in Kraft. Darin wird erstmals der Begriff der Integration in einem neuen umfassenden Regelwerk gesetzlich verankert. Der Bund \u00fcbernimmt damit eine seit den 1990er Jahren in Schweizer St\u00e4dten vorangetriebene Diskussion zum Leitkonzept Integration und avanciert dieses zu einer migrationspolitischen Idee, auch wenn die von der Eidgenossenschaft verwendete rechtliche Definition unscharf bleibt und sie etliche Handlungsspielr\u00e4ume offen l\u00e4sst. Beispielsweise soll der Integrationsgrad von Ausl\u00e4nderInnen bei der Erteilung von Niederlassungsbewilligungen ber\u00fccksichtigt werden, und mit dem Instrument der Integrationsvereinbarung k\u00f6nnen Ausl\u00e4nderInnen dazu verpflichtet werden, einen Integrations- oder Sprachkurs zu besuchen. Bereits seit 2001 steht ein Kredit zu Verf\u00fcgung, mit welchem Integrationsprojekte durch den Bund gef\u00f6rdert werden.&#8221;<\/div>\n<\/blockquote>\n<p>&nbsp;<\/p>\n","protected":false},"excerpt":{"rendered":"<p>Author(s) : Silvia Sch\u00f6nenberger, Gianni D&#8217;Amato Source : https:\/\/www.unine.ch\/files\/live\/sites\/sfm\/files\/shared\/pub\/dp\/dp24.pdf Abstract:<\/p>\n","protected":false},"author":4,"featured_media":0,"comment_status":"open","ping_status":"open","sticky":false,"template":"","format":"standard","meta":{"_kadence_starter_templates_imported_post":false,"_kad_post_transparent":"","_kad_post_title":"","_kad_post_layout":"","_kad_post_sidebar_id":"","_kad_post_content_style":"","_kad_post_vertical_padding":"","_kad_post_feature":"","_kad_post_feature_position":"","_kad_post_header":false,"_kad_post_footer":false,"_kad_post_classname":"","jetpack_post_was_ever_published":false,"_jetpack_newsletter_access":"","_jetpack_dont_email_post_to_subs":false,"_jetpack_newsletter_tier_id":0,"_jetpack_memberships_contains_paywalled_content":false,"_jetpack_memberships_contains_paid_content":false,"footnotes":""},"categories":[12],"tags":[414,258,273,70,307,73,387,160,603,129,36,94,166,91,309],"class_list":["post-2536","post","type-post","status-publish","format-standard","hentry","category-politics","tag-414","tag-bern","tag-cantons","tag-citizenship","tag-civil-and-political-rights","tag-german-language","tag-integration-policy","tag-integration-programmes","tag-language-tests","tag-law","tag-migration-policy","tag-political-system","tag-residence-permits","tag-social-integration","tag-working-paper"],"jetpack_featured_media_url":"","jetpack_sharing_enabled":true,"_links":{"self":[{"href":"https:\/\/swissmig.unine.ch\/index.php?rest_route=\/wp\/v2\/posts\/2536","targetHints":{"allow":["GET"]}}],"collection":[{"href":"https:\/\/swissmig.unine.ch\/index.php?rest_route=\/wp\/v2\/posts"}],"about":[{"href":"https:\/\/swissmig.unine.ch\/index.php?rest_route=\/wp\/v2\/types\/post"}],"author":[{"embeddable":true,"href":"https:\/\/swissmig.unine.ch\/index.php?rest_route=\/wp\/v2\/users\/4"}],"replies":[{"embeddable":true,"href":"https:\/\/swissmig.unine.ch\/index.php?rest_route=%2Fwp%2Fv2%2Fcomments&post=2536"}],"version-history":[{"count":0,"href":"https:\/\/swissmig.unine.ch\/index.php?rest_route=\/wp\/v2\/posts\/2536\/revisions"}],"wp:attachment":[{"href":"https:\/\/swissmig.unine.ch\/index.php?rest_route=%2Fwp%2Fv2%2Fmedia&parent=2536"}],"wp:term":[{"taxonomy":"category","embeddable":true,"href":"https:\/\/swissmig.unine.ch\/index.php?rest_route=%2Fwp%2Fv2%2Fcategories&post=2536"},{"taxonomy":"post_tag","embeddable":true,"href":"https:\/\/swissmig.unine.ch\/index.php?rest_route=%2Fwp%2Fv2%2Ftags&post=2536"}],"curies":[{"name":"wp","href":"https:\/\/api.w.org\/{rel}","templated":true}]}}