{"id":2531,"date":"2018-12-04T14:26:22","date_gmt":"2018-12-04T13:26:22","guid":{"rendered":"https:\/\/swissmig.wordpress.com\/?p=2531"},"modified":"2018-12-04T14:26:22","modified_gmt":"2018-12-04T13:26:22","slug":"inscription-de-la-presence-musulmane-dans-lespace-urbain-processus-de-creation-du-cimetiere-islamique-a-lugano","status":"publish","type":"post","link":"https:\/\/swissmig.unine.ch\/?p=2531","title":{"rendered":"Inscription de la pr\u00e9sence musulmane dans l\u2019espace urbain\u202f: processus de cr\u00e9ation du cimeti\u00e8re islamique \u00e0 Lugano"},"content":{"rendered":"<h3>Author(s) : Rosita Fibbi, Christelle Maire<\/h3>\n<h3>Source : <a href=\"https:\/\/www.google.com\/url?sa=t&amp;rct=j&amp;q=&amp;esrc=s&amp;source=web&amp;cd=1&amp;ved=2ahUKEwjk5ZHbm4jfAhVOqIsKHacZCMUQFjAAegQICBAC&amp;url=https%3A%2F%2Fwww.unine.ch%2Ffiles%2Flive%2Fsites%2Fsfm%2Ffiles%2Flistes_publicationsSFM%2FDP_28_RFI_cimetie%25CC%2580re%2520musulmanTI.pdf&amp;usg=AOvVaw0KNUXiiaCrpj_sKAXuKTSU\">https:\/\/www.google.com\/url?sa=t&amp;rct=j&amp;q=&amp;esrc=s&amp;source=web&amp;cd=1&amp;ved=2ahUKEwjk5ZHbm4jfAhVOqIsKHacZCMUQFjAAegQICBAC&amp;url=https%3A%2F%2Fwww.unine.ch%2Ffiles%2Flive%2Fsites%2Fsfm%2Ffiles%2Flistes_publicationsSFM%2FDP_28_RFI_cimetie%25CC%2580re%2520musulmanTI.pdf&amp;usg=AOvVaw0KNUXiiaCrpj_sKAXuKTSU<\/a><\/h3>\n<p><strong>Abstract: <\/strong><!--more--><\/p>\n<blockquote>\n<div>&#8220;La cohabitation des religions dans les soci\u00e9t\u00e9s europ\u00e9ennes est la r\u00e9sultante d\u2019un long processus d\u2019apprentissage collectif. Dans le contexte s\u00e9cularis\u00e9 de l\u2019Europe occidentale, la cohabitation pacifique entre diverses formes de croyances religieuses passe largement par son confinement \u00e0 l\u2019espace priv\u00e9. Toutefois, les migrations et les nouvelles religions am\u00e8nent une revendication de visibilit\u00e9 accrue des religions \u00abminoritaires\u00bb, qui constitue une lutte pour la reconnaissance, visant \u00e0 garantir une acceptation de ces groupes et de leur particularit\u00e9. Cet article constitue une \u00e9tude de cas sur la mani\u00e8re dont les collectivit\u00e9s de religion musulmane ont revendiqu\u00e9 l\u2019inscription dans l\u2019espace urbain de Lugano d\u2019un cimeti\u00e8re islamique ; il se penche sur les facteurs ayant contribu\u00e9 \u00e0 d\u00e9terminer les modalit\u00e9s choisies pour satisfaire cette revendication au Tessin dans un climat largement apais\u00e9, qui contraste avec les processus qui se sont d\u00e9roul\u00e9s dans d\u2019autres villes en Suisse.&#8221;<\/div>\n<\/blockquote>\n<p>&nbsp;<\/p>\n","protected":false},"excerpt":{"rendered":"<p>Author(s) : Rosita Fibbi, Christelle Maire Source : https:\/\/www.google.com\/url?sa=t&amp;rct=j&amp;q=&amp;esrc=s&amp;source=web&amp;cd=1&amp;ved=2ahUKEwjk5ZHbm4jfAhVOqIsKHacZCMUQFjAAegQICBAC&amp;url=https%3A%2F%2Fwww.unine.ch%2Ffiles%2Flive%2Fsites%2Fsfm%2Ffiles%2Flistes_publicationsSFM%2FDP_28_RFI_cimetie%25CC%2580re%2520musulmanTI.pdf&amp;usg=AOvVaw0KNUXiiaCrpj_sKAXuKTSU Abstract:<\/p>\n","protected":false},"author":4,"featured_media":0,"comment_status":"open","ping_status":"open","sticky":false,"template":"","format":"standard","meta":{"_kadence_starter_templates_imported_post":false,"_kad_post_transparent":"","_kad_post_title":"","_kad_post_layout":"","_kad_post_sidebar_id":"","_kad_post_content_style":"","_kad_post_vertical_padding":"","_kad_post_feature":"","_kad_post_feature_position":"","_kad_post_header":false,"_kad_post_footer":false,"_kad_post_classname":"","jetpack_post_was_ever_published":false,"_jetpack_newsletter_access":"","_jetpack_dont_email_post_to_subs":false,"_jetpack_newsletter_tier_id":0,"_jetpack_memberships_contains_paywalled_content":false,"_jetpack_memberships_contains_paid_content":false,"footnotes":""},"categories":[24],"tags":[256,485,483,173,409,596,121,52,233,116,168,602,91,320,309],"class_list":["post-2531","post","type-post","status-publish","format-standard","hentry","category-society-family-racism","tag-256","tag-beliefs","tag-communities","tag-cross-cultural-communication","tag-cultural-diversity","tag-death","tag-ethnic-minorities","tag-french-language","tag-minority-audiences","tag-muslims","tag-religious-practice","tag-rites","tag-social-integration","tag-ticino","tag-working-paper"],"jetpack_featured_media_url":"","jetpack_sharing_enabled":true,"_links":{"self":[{"href":"https:\/\/swissmig.unine.ch\/index.php?rest_route=\/wp\/v2\/posts\/2531","targetHints":{"allow":["GET"]}}],"collection":[{"href":"https:\/\/swissmig.unine.ch\/index.php?rest_route=\/wp\/v2\/posts"}],"about":[{"href":"https:\/\/swissmig.unine.ch\/index.php?rest_route=\/wp\/v2\/types\/post"}],"author":[{"embeddable":true,"href":"https:\/\/swissmig.unine.ch\/index.php?rest_route=\/wp\/v2\/users\/4"}],"replies":[{"embeddable":true,"href":"https:\/\/swissmig.unine.ch\/index.php?rest_route=%2Fwp%2Fv2%2Fcomments&post=2531"}],"version-history":[{"count":0,"href":"https:\/\/swissmig.unine.ch\/index.php?rest_route=\/wp\/v2\/posts\/2531\/revisions"}],"wp:attachment":[{"href":"https:\/\/swissmig.unine.ch\/index.php?rest_route=%2Fwp%2Fv2%2Fmedia&parent=2531"}],"wp:term":[{"taxonomy":"category","embeddable":true,"href":"https:\/\/swissmig.unine.ch\/index.php?rest_route=%2Fwp%2Fv2%2Fcategories&post=2531"},{"taxonomy":"post_tag","embeddable":true,"href":"https:\/\/swissmig.unine.ch\/index.php?rest_route=%2Fwp%2Fv2%2Ftags&post=2531"}],"curies":[{"name":"wp","href":"https:\/\/api.w.org\/{rel}","templated":true}]}}