{"id":2513,"date":"2018-11-27T15:17:16","date_gmt":"2018-11-27T14:17:16","guid":{"rendered":"https:\/\/swissmig.wordpress.com\/?p=2513"},"modified":"2018-11-27T15:17:16","modified_gmt":"2018-11-27T14:17:16","slug":"le-controle-de-la-mobilite-tsigane-au-debut-du-xxe-siecle-france-allemagne-suisse","status":"publish","type":"post","link":"https:\/\/swissmig.unine.ch\/?p=2513","title":{"rendered":"Le contr\u00f4le de la mobilit\u00e9 tsigane au d\u00e9but du XXe si\u00e8cle (France, Allemagne, Suisse)"},"content":{"rendered":"<h3>Author(s) : Emmanuel Filhol<\/h3>\n<h3>Source : <a href=\"https:\/\/www.e-periodica.ch\/digbib\/view?pid=szg-006:2009:59::550#203\" target=\"_blank\" rel=\"noopener\">https:\/\/www.e-periodica.ch\/digbib\/view?pid=szg-006:2009:59::550#203<\/a><\/h3>\n<p><strong>Abstract: <\/strong><!--more--><\/p>\n<blockquote><p>N \/ A<\/p><\/blockquote>\n","protected":false},"excerpt":{"rendered":"<p>Author(s) : Emmanuel Filhol Source : https:\/\/www.e-periodica.ch\/digbib\/view?pid=szg-006:2009:59::550#203 Abstract:<\/p>\n","protected":false},"author":4,"featured_media":0,"comment_status":"open","ping_status":"open","sticky":false,"template":"","format":"standard","meta":{"_kadence_starter_templates_imported_post":false,"_kad_post_transparent":"","_kad_post_title":"","_kad_post_layout":"","_kad_post_sidebar_id":"","_kad_post_content_style":"","_kad_post_vertical_padding":"","_kad_post_feature":"","_kad_post_feature_position":"","_kad_post_header":false,"_kad_post_footer":false,"_kad_post_classname":"","jetpack_post_was_ever_published":false,"_jetpack_newsletter_access":"","_jetpack_dont_email_post_to_subs":false,"_jetpack_newsletter_tier_id":0,"_jetpack_memberships_contains_paywalled_content":false,"_jetpack_memberships_contains_paid_content":false,"footnotes":""},"categories":[12],"tags":[414,7,37,106,307,57,209,191,82,121,197,52,226,87,110,94,530],"class_list":["post-2513","post","type-post","status-publish","format-standard","hentry","category-politics","tag-414","tag-article","tag-attitudes-towards-migrants","tag-border-controls","tag-civil-and-political-rights","tag-comparative-analysis","tag-criminal-behaviour","tag-demography","tag-ethnic-discrimination","tag-ethnic-minorities","tag-france","tag-french-language","tag-germany","tag-history","tag-mobility","tag-political-system","tag-roma-and-sinti"],"jetpack_featured_media_url":"","jetpack_sharing_enabled":true,"_links":{"self":[{"href":"https:\/\/swissmig.unine.ch\/index.php?rest_route=\/wp\/v2\/posts\/2513","targetHints":{"allow":["GET"]}}],"collection":[{"href":"https:\/\/swissmig.unine.ch\/index.php?rest_route=\/wp\/v2\/posts"}],"about":[{"href":"https:\/\/swissmig.unine.ch\/index.php?rest_route=\/wp\/v2\/types\/post"}],"author":[{"embeddable":true,"href":"https:\/\/swissmig.unine.ch\/index.php?rest_route=\/wp\/v2\/users\/4"}],"replies":[{"embeddable":true,"href":"https:\/\/swissmig.unine.ch\/index.php?rest_route=%2Fwp%2Fv2%2Fcomments&post=2513"}],"version-history":[{"count":0,"href":"https:\/\/swissmig.unine.ch\/index.php?rest_route=\/wp\/v2\/posts\/2513\/revisions"}],"wp:attachment":[{"href":"https:\/\/swissmig.unine.ch\/index.php?rest_route=%2Fwp%2Fv2%2Fmedia&parent=2513"}],"wp:term":[{"taxonomy":"category","embeddable":true,"href":"https:\/\/swissmig.unine.ch\/index.php?rest_route=%2Fwp%2Fv2%2Fcategories&post=2513"},{"taxonomy":"post_tag","embeddable":true,"href":"https:\/\/swissmig.unine.ch\/index.php?rest_route=%2Fwp%2Fv2%2Ftags&post=2513"}],"curies":[{"name":"wp","href":"https:\/\/api.w.org\/{rel}","templated":true}]}}