{"id":2493,"date":"2018-11-22T10:58:48","date_gmt":"2018-11-22T09:58:48","guid":{"rendered":"https:\/\/swissmig.wordpress.com\/?p=2493"},"modified":"2018-11-22T10:58:48","modified_gmt":"2018-11-22T09:58:48","slug":"une-augmentation-spectaculaire-de-la-migration-hautement-qualifiee-en-suisse-ein-spektakularer-anstieg-der-hochqualifizierten-zuwanderung-in-die-schweiz","status":"publish","type":"post","link":"https:\/\/swissmig.unine.ch\/?p=2493","title":{"rendered":"Une augmentation spectaculaire de la migration hautement qualifi\u00e9e en Suisse \/  Ein spektakul\u00e4rer Anstieg der hochqualifizierten Zuwanderung in die Schweiz"},"content":{"rendered":"<h3>Author(s) : Philippe Wanner, Ilka Steiner<\/h3>\n<h3>Source : FR <a href=\"https:\/\/www.socialchangeswitzerland.ch\/?p=1564\" target=\"_blank\" rel=\"noopener\">https:\/\/www.socialchangeswitzerland.ch\/?p=1564<\/a><\/h3>\n<h3>Source : DE <a href=\"https:\/\/www.socialchangeswitzerland.ch\/?p=1576\">https:\/\/www.socialchangeswitzerland.ch\/?p=1576<\/a><\/h3>\n<p><strong>Abstract: <\/strong><!--more--><\/p>\n<blockquote><p>&#8220;La Suisse a connu ces derni\u00e8res ann\u00e9es une augmentation importante des flux migratoires, accompagn\u00e9e d\u2019une modification de la structure \u00e9ducationnelle des immigrants. Dans le pass\u00e9, en raison d\u2019une absence de donn\u00e9es, ces nouvelles r\u00e9alit\u00e9s ont \u00e9t\u00e9 difficilement chiffrables. Utilisant des estimations originales d\u00e9coulant de nouvelles donn\u00e9es, cet article pr\u00e9sente l\u2019\u00e9volution de la composition des flux migratoires en direction de la Suisse en fonction du niveau de formation et discute du r\u00f4le du march\u00e9 du travail dans cette migration. Ainsi l\u2019immigration hautement qualifi\u00e9e a plus que doubl\u00e9 entre 1991 et 2014. Notamment les ressortissants du Royaume-Uni, de l\u2019Am\u00e9rique du Nord et de l\u2019Inde d\u00e9tiennent majoritairement un niveau de formation tertiaire, compar\u00e9 aux ressortissants du Portugal, d\u2019Afrique de l\u2019Ouest ou d\u2019Am\u00e9rique du Sud. Finalement, cette immigration est principalement expliqu\u00e9e par la demande du march\u00e9 travail, qui ne pouvait pas \u00eatre satisfaite par les natifs.&#8221;<\/p>\n<p>&#8220;In den letzten Jahren hat die Schweiz eine starke Zunahme der Migrationsstr\u00f6me erlebt, die mit einer Ver\u00e4nderung des Bildungsniveaus der Einwandernden einherging. In der Vergangenheit waren diese neuen Realit\u00e4ten aufgrund fehlender Daten schwer bezifferbar. Vorliegender Artikel beschreibt auf der Basis neuer Daten die Entwicklung der Zusammensetzung der Migrationsstr\u00f6me in die Schweiz unter dem Aspekt des Bildungsniveaus und untersucht die Rolle des Arbeitsmarktes im Kontext dieser Migration. So hat sich die Zuwanderung hochqualifizierter Arbeitskr\u00e4fte zwischen 1991 und 2014 mehr als verdoppelt. Insbesondere Migrantinnen und Migranten aus dem Vereinigten K\u00f6nigreich, Nordamerika und Indien verf\u00fcgen im Gegensatz zu Eingewanderten aus Portugal, Westafrika oder S\u00fcdamerika mehrheitlich \u00fcber eine Terti\u00e4rbildung. Und schliesslich erkl\u00e4rt sich diese Zuwanderung haupts\u00e4chlich durch die Nachfrage auf dem Arbeitsmarkt, die mit einheimischen Arbeitskr\u00e4ften nicht befriedigt werden konnte.&#8221;<\/p><\/blockquote>\n","protected":false},"excerpt":{"rendered":"<p>Author(s) : Philippe Wanner, Ilka Steiner Source : FR https:\/\/www.socialchangeswitzerland.ch\/?p=1564&#8230;<\/p>\n","protected":false},"author":4,"featured_media":0,"comment_status":"open","ping_status":"open","sticky":false,"template":"","format":"standard","meta":{"_kadence_starter_templates_imported_post":false,"_kad_post_transparent":"","_kad_post_title":"","_kad_post_layout":"","_kad_post_sidebar_id":"","_kad_post_content_style":"","_kad_post_vertical_padding":"","_kad_post_feature":"","_kad_post_feature_position":"","_kad_post_header":false,"_kad_post_footer":false,"_kad_post_classname":"","jetpack_post_was_ever_published":false,"_jetpack_newsletter_access":"","_jetpack_dont_email_post_to_subs":false,"_jetpack_newsletter_tier_id":0,"_jetpack_memberships_contains_paywalled_content":false,"_jetpack_memberships_contains_paid_content":false,"footnotes":""},"categories":[16],"tags":[285,407,7,92,77,52,73,55,87,83,20,143],"class_list":["post-2493","post","type-post","status-publish","format-standard","hentry","category-economics","tag-285","tag-access-to-education","tag-article","tag-country-of-origin","tag-education-policy","tag-french-language","tag-german-language","tag-high-skilled-immigrants","tag-history","tag-labour-market-policy","tag-migration-flows","tag-statistical-data"],"jetpack_featured_media_url":"","jetpack_sharing_enabled":true,"_links":{"self":[{"href":"https:\/\/swissmig.unine.ch\/index.php?rest_route=\/wp\/v2\/posts\/2493","targetHints":{"allow":["GET"]}}],"collection":[{"href":"https:\/\/swissmig.unine.ch\/index.php?rest_route=\/wp\/v2\/posts"}],"about":[{"href":"https:\/\/swissmig.unine.ch\/index.php?rest_route=\/wp\/v2\/types\/post"}],"author":[{"embeddable":true,"href":"https:\/\/swissmig.unine.ch\/index.php?rest_route=\/wp\/v2\/users\/4"}],"replies":[{"embeddable":true,"href":"https:\/\/swissmig.unine.ch\/index.php?rest_route=%2Fwp%2Fv2%2Fcomments&post=2493"}],"version-history":[{"count":0,"href":"https:\/\/swissmig.unine.ch\/index.php?rest_route=\/wp\/v2\/posts\/2493\/revisions"}],"wp:attachment":[{"href":"https:\/\/swissmig.unine.ch\/index.php?rest_route=%2Fwp%2Fv2%2Fmedia&parent=2493"}],"wp:term":[{"taxonomy":"category","embeddable":true,"href":"https:\/\/swissmig.unine.ch\/index.php?rest_route=%2Fwp%2Fv2%2Fcategories&post=2493"},{"taxonomy":"post_tag","embeddable":true,"href":"https:\/\/swissmig.unine.ch\/index.php?rest_route=%2Fwp%2Fv2%2Ftags&post=2493"}],"curies":[{"name":"wp","href":"https:\/\/api.w.org\/{rel}","templated":true}]}}