{"id":2481,"date":"2018-11-12T13:30:01","date_gmt":"2018-11-12T12:30:01","guid":{"rendered":"https:\/\/swissmig.wordpress.com\/?p=2481"},"modified":"2018-11-12T13:30:01","modified_gmt":"2018-11-12T12:30:01","slug":"negociations-autour-du-cimetiere-musulman-en-suisse-un-exemple-de-recomposition-religieuse-en-situation-dimmigration","status":"publish","type":"post","link":"https:\/\/swissmig.unine.ch\/?p=2481","title":{"rendered":"N\u00e9gociations autour du cimeti\u00e8re musulman en Suisse : un exemple de recomposition religieuse en situation d\u2019immigration"},"content":{"rendered":"<h3>Author(s) : Sarah Burkhalter<\/h3>\n<h3>Source : <a href=\"http:\/\/journals.openedition.org\/assr\/20194\" target=\"_blank\" rel=\"noopener\">http:\/\/journals.openedition.org\/assr\/20194<\/a><\/h3>\n<p><strong>Abstract: <\/strong><!--more--><\/p>\n<blockquote><p>&#8220;La communaut\u00e9 musulmane de Suisse est priv\u00e9e de cimeti\u00e8re musulman depuis 1992, date de fermeture du carr\u00e9 musulman au cimeti\u00e8re du Petit-Saconnex \u00e0 Gen\u00e8ve. Des n\u00e9gociations ont alors rapidement vu le jour entre les diff\u00e9rentes autorit\u00e9s cantonales et les responsables religieux musulmans. Cette \u00e9tude se penche sur le discours pr\u00e9sent\u00e9 par les chefs de centres islamiques et responsables religieux qui participent de pr\u00e8s ou de loin \u00e0 ces d\u00e9bats. Alors que les entretiens montrent une \u00e9tonnante unit\u00e9 dans le discours, qui tend \u00e0 pr\u00e9senter cette revendication du droit au cimeti\u00e8re comme principalement religieuse, une \u00e9tude plus approfondie des exigences pos\u00e9es par les responsables au cours des n\u00e9gociations mettent en lumi\u00e8re des pr\u00e9occupations culturelles et socio-politiques, qui viennent se greffer sur les arguments religieux de la revendication. Cette tendance \u00e0 centrer le dialogue sur l\u2019\u00e9l\u00e9ment religieux refl\u00e8te une recherche de l\u00e9gitimit\u00e9 de la part des responsables musulmans. Seuls des imp\u00e9ratifs religieux peuvent en effet l\u00e9gitimer une telle revendication aupr\u00e8s des autorit\u00e9s de la soci\u00e9t\u00e9 d\u2019accueil.&#8221;<\/p>\n<p>&#8220;The muslim community of Switzerland is deprived from cemetery since 1992, when the muslim patch in Geneva\u2019s cemetery has been closed. Therefore, several negocia-tions has been initiated by the religious leaders with the different local authorities. This study tries to analyse the position presented by the religious leaders who take part in these negociations with the government. Though the interviews show a surprising unity in the discourse of the leaders, who present the claim like a purely religious one, a more acute analyse of the points required by them in the negociations lighten cultural and socio-political motivations, which come to complete the religious ones. This tendency to centre the dialogue on the religious motivation denote a quest of legitimity from the religious leaders. As a matter of fact, only religious obligations can give legitimation to such a claim within the negocations with the hostsociety\u2019s authorities.&#8221;<\/p><\/blockquote>\n<p>&nbsp;<\/p>\n","protected":false},"excerpt":{"rendered":"<p>Author(s) : Sarah Burkhalter Source : http:\/\/journals.openedition.org\/assr\/20194 Abstract:<\/p>\n","protected":false},"author":4,"featured_media":0,"comment_status":"open","ping_status":"open","sticky":false,"template":"","format":"standard","meta":{"_kadence_starter_templates_imported_post":false,"_kad_post_transparent":"","_kad_post_title":"","_kad_post_layout":"","_kad_post_sidebar_id":"","_kad_post_content_style":"","_kad_post_vertical_padding":"","_kad_post_feature":"","_kad_post_feature_position":"","_kad_post_header":false,"_kad_post_footer":false,"_kad_post_classname":"","jetpack_post_was_ever_published":false,"_jetpack_newsletter_access":"","_jetpack_dont_email_post_to_subs":false,"_jetpack_newsletter_tier_id":0,"_jetpack_memberships_contains_paywalled_content":false,"_jetpack_memberships_contains_paid_content":false,"footnotes":""},"categories":[167],"tags":[101,7,485,575,173,596,152,121,52,341,223,116,168],"class_list":["post-2481","post","type-post","status-publish","format-standard","hentry","category-ethnicity-languages-religion-arts","tag-101","tag-article","tag-beliefs","tag-civil-society","tag-cross-cultural-communication","tag-death","tag-discourse","tag-ethnic-minorities","tag-french-language","tag-geneva","tag-islam","tag-muslims","tag-religious-practice"],"jetpack_featured_media_url":"","jetpack_sharing_enabled":true,"_links":{"self":[{"href":"https:\/\/swissmig.unine.ch\/index.php?rest_route=\/wp\/v2\/posts\/2481","targetHints":{"allow":["GET"]}}],"collection":[{"href":"https:\/\/swissmig.unine.ch\/index.php?rest_route=\/wp\/v2\/posts"}],"about":[{"href":"https:\/\/swissmig.unine.ch\/index.php?rest_route=\/wp\/v2\/types\/post"}],"author":[{"embeddable":true,"href":"https:\/\/swissmig.unine.ch\/index.php?rest_route=\/wp\/v2\/users\/4"}],"replies":[{"embeddable":true,"href":"https:\/\/swissmig.unine.ch\/index.php?rest_route=%2Fwp%2Fv2%2Fcomments&post=2481"}],"version-history":[{"count":0,"href":"https:\/\/swissmig.unine.ch\/index.php?rest_route=\/wp\/v2\/posts\/2481\/revisions"}],"wp:attachment":[{"href":"https:\/\/swissmig.unine.ch\/index.php?rest_route=%2Fwp%2Fv2%2Fmedia&parent=2481"}],"wp:term":[{"taxonomy":"category","embeddable":true,"href":"https:\/\/swissmig.unine.ch\/index.php?rest_route=%2Fwp%2Fv2%2Fcategories&post=2481"},{"taxonomy":"post_tag","embeddable":true,"href":"https:\/\/swissmig.unine.ch\/index.php?rest_route=%2Fwp%2Fv2%2Ftags&post=2481"}],"curies":[{"name":"wp","href":"https:\/\/api.w.org\/{rel}","templated":true}]}}