{"id":2477,"date":"2018-11-12T13:13:47","date_gmt":"2018-11-12T12:13:47","guid":{"rendered":"https:\/\/swissmig.wordpress.com\/?p=2477"},"modified":"2018-11-12T13:13:47","modified_gmt":"2018-11-12T12:13:47","slug":"politische-emigration-aus-sachsen-in-die-schweiz-1848-1862","status":"publish","type":"post","link":"https:\/\/swissmig.unine.ch\/?p=2477","title":{"rendered":"Politische Emigration aus Sachsen in die Schweiz 1848-1862"},"content":{"rendered":"<h3>Author(s) : Reiner Gross, B\u00e4rbel F\u00f6rster<\/h3>\n<h3>Source : <a href=\"https:\/\/www.amtsdruckschriften.bar.admin.ch\/viewOrigDoc\/80000240.pdf?ID=80000240\" target=\"_blank\" rel=\"noopener\">https:\/\/www.amtsdruckschriften.bar.admin.ch\/viewOrigDoc\/80000240.pdf?ID=80000240<\/a><\/h3>\n<p><strong>Abstract: <\/strong><!--more--><\/p>\n<blockquote><p>&#8220;Die Geschichte Sachsens im 19. Jahrhundert ist durch mehrfache, tiefe Z\u00e4suren charakterisiert, die sich zum Teil einschneidend auf das Leben der Menschen auswirkten. Zu Beginn des Jahrhunderts geh\u00f6rte das Kurf\u00fcrstentum Sachsen mit seiner Fl\u00e4che von reichlich 35&#8217;000 Quadratkilometern und dank des wirtschaftlichen Wiederaufbaus nach 1763 neben \u00d6sterreich, Preussen und Bayern noch immer zu den bedeutendsten Gliedstaaten des Heiligen R\u00f6mischen Reiches Deutscher Nation. Es hielt auch dann am Reich und am Reichsgedanken fest, als dieses nach dem Reichsdeputationshauptschluss von 1803 schon in Aufl\u00f6sung begriffen war.&#8221;<\/p>\n<div>&#8220;Au cours des ann\u00e9es trente et quarante du 19e si\u00e8cle, le royaume de Saxe fut frapp\u00e9 lui aussi par la vague d&#8217;\u00e9migration qui commen\u00e7ait \u00e0 se propager dans toute l&#8217;Allemagne. Outre des raisons \u00e9conomiques, sociales et religieuses, ce furent essentiellement des raisons politiques qui, apr\u00e8s la R\u00e9volution de 1848\/49, incit\u00e8rent certaines personnes \u00e0 quitter la Saxe. La nouvelle de la chute de la monarchie de Juillet et la proclamation de la R\u00e9publique en France parvint en Saxe le 28 f\u00e9vrier 1848.&#8221;<\/div>\n<\/blockquote>\n<p>&nbsp;<\/p>\n","protected":false},"excerpt":{"rendered":"<p>Author(s) : Reiner Gross, B\u00e4rbel F\u00f6rster Source : https:\/\/www.amtsdruckschriften.bar.admin.ch\/viewOrigDoc\/80000240.pdf?ID=80000240 Abstract:<\/p>\n","protected":false},"author":4,"featured_media":0,"comment_status":"open","ping_status":"open","sticky":false,"template":"","format":"standard","meta":{"_kadence_starter_templates_imported_post":false,"_kad_post_transparent":"","_kad_post_title":"","_kad_post_layout":"","_kad_post_sidebar_id":"","_kad_post_content_style":"","_kad_post_vertical_padding":"","_kad_post_feature":"","_kad_post_feature_position":"","_kad_post_header":false,"_kad_post_footer":false,"_kad_post_classname":"","jetpack_post_was_ever_published":false,"_jetpack_newsletter_access":"","_jetpack_dont_email_post_to_subs":false,"_jetpack_newsletter_tier_id":0,"_jetpack_memberships_contains_paywalled_content":false,"_jetpack_memberships_contains_paid_content":false,"footnotes":""},"categories":[35],"tags":[425,7,137,73,226,94,103,327,279,522],"class_list":["post-2477","post","type-post","status-publish","format-standard","hentry","category-history","tag-425","tag-article","tag-emigration","tag-german-language","tag-germany","tag-political-system","tag-refugees","tag-research","tag-socioeconomic-factors","tag-theories-of-migration"],"jetpack_featured_media_url":"","jetpack_sharing_enabled":true,"_links":{"self":[{"href":"https:\/\/swissmig.unine.ch\/index.php?rest_route=\/wp\/v2\/posts\/2477","targetHints":{"allow":["GET"]}}],"collection":[{"href":"https:\/\/swissmig.unine.ch\/index.php?rest_route=\/wp\/v2\/posts"}],"about":[{"href":"https:\/\/swissmig.unine.ch\/index.php?rest_route=\/wp\/v2\/types\/post"}],"author":[{"embeddable":true,"href":"https:\/\/swissmig.unine.ch\/index.php?rest_route=\/wp\/v2\/users\/4"}],"replies":[{"embeddable":true,"href":"https:\/\/swissmig.unine.ch\/index.php?rest_route=%2Fwp%2Fv2%2Fcomments&post=2477"}],"version-history":[{"count":0,"href":"https:\/\/swissmig.unine.ch\/index.php?rest_route=\/wp\/v2\/posts\/2477\/revisions"}],"wp:attachment":[{"href":"https:\/\/swissmig.unine.ch\/index.php?rest_route=%2Fwp%2Fv2%2Fmedia&parent=2477"}],"wp:term":[{"taxonomy":"category","embeddable":true,"href":"https:\/\/swissmig.unine.ch\/index.php?rest_route=%2Fwp%2Fv2%2Fcategories&post=2477"},{"taxonomy":"post_tag","embeddable":true,"href":"https:\/\/swissmig.unine.ch\/index.php?rest_route=%2Fwp%2Fv2%2Ftags&post=2477"}],"curies":[{"name":"wp","href":"https:\/\/api.w.org\/{rel}","templated":true}]}}