{"id":2463,"date":"2018-11-08T09:36:47","date_gmt":"2018-11-08T08:36:47","guid":{"rendered":"https:\/\/swissmig.wordpress.com\/?p=2463"},"modified":"2018-11-08T09:36:47","modified_gmt":"2018-11-08T08:36:47","slug":"places-of-difference-narratives-of-heart-felt-warmth-ethnicisation-and-female-care-migrants-in-swiss-live-in-care","status":"publish","type":"post","link":"https:\/\/swissmig.unine.ch\/?p=2463","title":{"rendered":"Places of difference: narratives of heart-felt warmth, ethnicisation, and female care-migrants in Swiss live-in care"},"content":{"rendered":"<h3>Author(s) : Katharina Pelzelmayer<\/h3>\n<h3>Source : <a href=\"https:\/\/doi.org\/10.1080\/0966369X.2016.1249351\" target=\"_blank\" rel=\"noopener\">https:\/\/doi.org\/10.1080\/0966369X.2016.1249351<\/a><\/h3>\n<p><strong>Abstract: <\/strong><!--more--><\/p>\n<blockquote><p>&#8220;Care for the elderly is a contemporary issue of multi-level, feminist concern. In Switzerland, private agencies offer so-called 24-h care services, for which they place or employ mobile women as live-in caregivers in private households. The larger discourse has debated care workers\u2019 movements to Switzerland with much controversy. The article explores this interest in issues of mobility and place in an analysis of three central narratives within the larger discourse: care agencies\u2019 \u2018warmth\u2019 discourse, scholarship\u2019s uses of \u2018ethnicisation\u2019, and public discussions of \u2018female care migrants\u2019. Analysis of the narratives shows how care agencies ascribe care workers a particular \u2018heart-felt warmth\u2019 based on their so-called countries of origin. Scholarship\u2019s reference to processes of \u2018ethnicisation\u2019 in live-in care illustrates a similar focus on care workers\u2019 characteristics, nation-states, and nationalities. While the public discussion of care workers as \u2018female care migrants\u2019 frames care workers\u2019 movements as a migration between discreet and distant places. The article argues that the ways in which the three narratives emphasise the places associated with care workers position these places in terms of difference. From a feminist perspective, this focus on difference is of underlying significance for the perpetuation of fundamental inequities in live-in care. In particular, the discursive differentiation between nation states serves to continually justify lower pay for workers associated with \u2018other\u2019 places. As such, the article\u2019s analysis suggests that the discursive invocation of places of difference underlies the marked inequities in Swiss live-in care.&#8221;<\/p>\n<h3>Resumen<\/h3>\n<p>&#8220;El cuidado de lxs ancianxs es un tema contempor\u00e1neo de preocupaci\u00f3n para el feminismo en m\u00faltiples niveles. En Suiza, las agencias privadas ofrecen los llamados servicios de cuidado de 24 hrs por los cuales se ubican o emplean a mujeres mobiles como cuidadoras con cama adentro en hogares privados. El discurso m\u00e1s amplio ha debatido los movimientos de lxs trabajadorxs del cuidado hacia Suiza con mucha controversia. El art\u00edculo analiza este inter\u00e9s en temas de movilidad y lugar en un an\u00e1lisis de tres narrativas centrales dentro del discurso m\u00e1s amplio: el discurso \u2018c\u00e1lido\u2019 de las agencias de cuidado, el uso de la \u2018etnificaci\u00f3n\u2019 por parte de lxs acad\u00e9micxs, y las discusiones p\u00fablicas de las \u2018migrantes cuidadoras mujeres\u2019. El an\u00e1lisis de las narrativas muestra c\u00f3mo las agencias de cuidado adscriben a las cuidadoras del cuidado una particular \u2018calidez sincera\u2019 basada en sus llamados pa\u00edses de origen. La referencia de lxs acad\u00e9micxs a los procesos de \u2018etnificaci\u00f3n\u2019 en el cuidado con cama adentro ilustra un foco similar sobre las caracter\u00edsticas de las trabajadoras, los Estados-naci\u00f3n y las nacionalidades. Mientras tanto, la discusi\u00f3n p\u00fablica de los movimientos de las trabajadoras del cuidado como \u2018mujeres migrantes del cuidado\u2019 enmarca a los movimientos de las trabajadoras del cuidado como una migraci\u00f3n entre lugares definidos y distantes. El art\u00edculo sostiene que las formas en que las tres narrativas enfatizan los lugares asociados con las trabajadoras del cuidado posicionan a estos sitios en t\u00e9rminos de diferencia. Desde una perspectiva feminista, este foco en la diferencia tiene una importancia clave en la perpetuaci\u00f3n de las desigualdades fundamentales en el cuidado con cama adentro. En particular, la diferenciaci\u00f3n discursiva entre los Estados-naci\u00f3n sirve para justificar continuamente un pago menor para las trabajadoras asociadas con \u2018otros\u2019 pa\u00edses. As\u00ed, el an\u00e1lisis del art\u00edculo sugiere que esta invocaci\u00f3n discursiva de lugares de diferencia subyace a las desigualdades marcadas en el cuidado con cama adentro en Suiza.&#8221;<\/p><\/blockquote>\n<p>&nbsp;<\/p>\n","protected":false},"excerpt":{"rendered":"<p>Author(s) : Katharina Pelzelmayer Source : https:\/\/doi.org\/10.1080\/0966369X.2016.1249351 Abstract:<\/p>\n","protected":false},"author":4,"featured_media":0,"comment_status":"open","ping_status":"open","sticky":false,"template":"","format":"standard","meta":{"_kadence_starter_templates_imported_post":false,"_kad_post_transparent":"","_kad_post_title":"","_kad_post_layout":"","_kad_post_sidebar_id":"","_kad_post_content_style":"","_kad_post_vertical_padding":"","_kad_post_feature":"","_kad_post_feature_position":"","_kad_post_header":false,"_kad_post_footer":false,"_kad_post_classname":"","jetpack_post_was_ever_published":false,"_jetpack_newsletter_access":"","_jetpack_dont_email_post_to_subs":false,"_jetpack_newsletter_tier_id":0,"_jetpack_memberships_contains_paywalled_content":false,"_jetpack_memberships_contains_paid_content":false,"footnotes":""},"categories":[16],"tags":[285,7,92,15,9,259,148,157,380,150,312,347,201,384,158],"class_list":["post-2463","post","type-post","status-publish","format-standard","hentry","category-economics","tag-285","tag-article","tag-country-of-origin","tag-economic-impact","tag-english-language","tag-ethnicity","tag-gender","tag-health-care","tag-household","tag-precarious-employment","tag-social-work","tag-testimonies","tag-women","tag-workers","tag-working-conditions"],"jetpack_featured_media_url":"","jetpack_sharing_enabled":true,"_links":{"self":[{"href":"https:\/\/swissmig.unine.ch\/index.php?rest_route=\/wp\/v2\/posts\/2463","targetHints":{"allow":["GET"]}}],"collection":[{"href":"https:\/\/swissmig.unine.ch\/index.php?rest_route=\/wp\/v2\/posts"}],"about":[{"href":"https:\/\/swissmig.unine.ch\/index.php?rest_route=\/wp\/v2\/types\/post"}],"author":[{"embeddable":true,"href":"https:\/\/swissmig.unine.ch\/index.php?rest_route=\/wp\/v2\/users\/4"}],"replies":[{"embeddable":true,"href":"https:\/\/swissmig.unine.ch\/index.php?rest_route=%2Fwp%2Fv2%2Fcomments&post=2463"}],"version-history":[{"count":0,"href":"https:\/\/swissmig.unine.ch\/index.php?rest_route=\/wp\/v2\/posts\/2463\/revisions"}],"wp:attachment":[{"href":"https:\/\/swissmig.unine.ch\/index.php?rest_route=%2Fwp%2Fv2%2Fmedia&parent=2463"}],"wp:term":[{"taxonomy":"category","embeddable":true,"href":"https:\/\/swissmig.unine.ch\/index.php?rest_route=%2Fwp%2Fv2%2Fcategories&post=2463"},{"taxonomy":"post_tag","embeddable":true,"href":"https:\/\/swissmig.unine.ch\/index.php?rest_route=%2Fwp%2Fv2%2Ftags&post=2463"}],"curies":[{"name":"wp","href":"https:\/\/api.w.org\/{rel}","templated":true}]}}