{"id":2454,"date":"2018-10-30T11:17:18","date_gmt":"2018-10-30T10:17:18","guid":{"rendered":"https:\/\/swissmig.wordpress.com\/?p=2454"},"modified":"2018-10-30T11:17:18","modified_gmt":"2018-10-30T10:17:18","slug":"immigration-et-diversite-la-suisse-a-t-elle-un-secret","status":"publish","type":"post","link":"https:\/\/swissmig.unine.ch\/?p=2454","title":{"rendered":"Immigration et diversit\u00e9: la Suisse a-t-elle un secret ?"},"content":{"rendered":"<h3>Author(s) : Etienne Piguet<\/h3>\n<h3>Source : <a href=\"https:\/\/www.researchgate.net\/publication\/321332274_Immigration_et_diversite_la_Suisse_a-t-elle_un_secret\" target=\"_blank\" rel=\"noopener\">https:\/\/www.researchgate.net\/publication\/321332274_Immigration_et_diversite_la_Suisse_a-t-elle_un_secret<\/a><\/h3>\n<p><strong>Abstract: <\/strong><span id=\"more-2434\"><\/span><\/p>\n<blockquote>\n<div>&#8220;Au cours des derni\u00e8res d\u00e9cennies, la Suisse a connu des taux d\u2019immigration records qui d\u00e9passent de loin ceux de ses voisins europ\u00e9ens. M\u00eame si cette immigration suscite des d\u00e9bats politiques parfois houleux, le pays semble s\u2019accommoder avec succ\u00e8s d\u2019un haut niveau de diversit\u00e9 culturelle, et les indicateurs classiques de l\u2019int\u00e9gration &#8211; mobilit\u00e9 sociale de la deuxi\u00e8me g\u00e9n\u00e9ration, mariages mixtes, s\u00e9gr\u00e9gation spatiale, etc. &#8211; sont pour la plupart au vert. Pourtant, la pr\u00e9\u00e9minence d\u2019une immigration principalement \u00e9conomique est d\u00e9sormais remise en question, ce qui pose de nouveaux d\u00e9fis.&#8221;<\/div>\n<\/blockquote>\n<div lang=\"de\"><\/div>\n<p><strong>\u00a0<\/strong><\/p>\n<p>&nbsp;<\/p>\n","protected":false},"excerpt":{"rendered":"<p>Author(s) : Etienne Piguet Source : https:\/\/www.researchgate.net\/publication\/321332274_Immigration_et_diversite_la_Suisse_a-t-elle_un_secret Abstract: &#8220;Au cours&#8230;<\/p>\n","protected":false},"author":4,"featured_media":0,"comment_status":"open","ping_status":"open","sticky":false,"template":"","format":"standard","meta":{"_kadence_starter_templates_imported_post":false,"_kad_post_transparent":"","_kad_post_title":"","_kad_post_layout":"","_kad_post_sidebar_id":"","_kad_post_content_style":"","_kad_post_vertical_padding":"","_kad_post_feature":"","_kad_post_feature_position":"","_kad_post_header":false,"_kad_post_footer":false,"_kad_post_classname":"","jetpack_post_was_ever_published":false,"_jetpack_newsletter_access":"","_jetpack_dont_email_post_to_subs":false,"_jetpack_newsletter_tier_id":0,"_jetpack_memberships_contains_paywalled_content":false,"_jetpack_memberships_contains_paid_content":false,"footnotes":""},"categories":[43],"tags":[48,7,57,409,152,176,421,58,52,98,180,91],"class_list":["post-2454","post","type-post","status-publish","format-standard","hentry","category-the-migration-phenomenon","tag-48","tag-article","tag-comparative-analysis","tag-cultural-diversity","tag-discourse","tag-economic-integration","tag-ethnic-diversity","tag-europe","tag-french-language","tag-immigration-policy","tag-multiculturalism","tag-social-integration"],"jetpack_featured_media_url":"","jetpack_sharing_enabled":true,"_links":{"self":[{"href":"https:\/\/swissmig.unine.ch\/index.php?rest_route=\/wp\/v2\/posts\/2454","targetHints":{"allow":["GET"]}}],"collection":[{"href":"https:\/\/swissmig.unine.ch\/index.php?rest_route=\/wp\/v2\/posts"}],"about":[{"href":"https:\/\/swissmig.unine.ch\/index.php?rest_route=\/wp\/v2\/types\/post"}],"author":[{"embeddable":true,"href":"https:\/\/swissmig.unine.ch\/index.php?rest_route=\/wp\/v2\/users\/4"}],"replies":[{"embeddable":true,"href":"https:\/\/swissmig.unine.ch\/index.php?rest_route=%2Fwp%2Fv2%2Fcomments&post=2454"}],"version-history":[{"count":0,"href":"https:\/\/swissmig.unine.ch\/index.php?rest_route=\/wp\/v2\/posts\/2454\/revisions"}],"wp:attachment":[{"href":"https:\/\/swissmig.unine.ch\/index.php?rest_route=%2Fwp%2Fv2%2Fmedia&parent=2454"}],"wp:term":[{"taxonomy":"category","embeddable":true,"href":"https:\/\/swissmig.unine.ch\/index.php?rest_route=%2Fwp%2Fv2%2Fcategories&post=2454"},{"taxonomy":"post_tag","embeddable":true,"href":"https:\/\/swissmig.unine.ch\/index.php?rest_route=%2Fwp%2Fv2%2Ftags&post=2454"}],"curies":[{"name":"wp","href":"https:\/\/api.w.org\/{rel}","templated":true}]}}