{"id":2452,"date":"2018-10-30T10:50:00","date_gmt":"2018-10-30T09:50:00","guid":{"rendered":"https:\/\/swissmig.wordpress.com\/?p=2452"},"modified":"2018-10-30T10:50:00","modified_gmt":"2018-10-30T09:50:00","slug":"die-strukturelle-und-kulturelle-integration-der-portugiesischen-secondas-und-secondos-in-randa-tasch-und-zermatt","status":"publish","type":"post","link":"https:\/\/swissmig.unine.ch\/?p=2452","title":{"rendered":"Die strukturelle und kulturelle Integration der portugiesischen Secondas und Secondos in Randa, T\u00e4sch und Zermatt"},"content":{"rendered":"<h3>Author(s) : Evelyne Kalbermatten, Wendy Locher<\/h3>\n<h3>Source : <a href=\"http:\/\/doc.rero.ch\/record\/260609\" target=\"_blank\" rel=\"noopener\">http:\/\/doc.rero.ch\/record\/260609<\/a><\/h3>\n<p><strong>Abstract: <\/strong><span id=\"more-2434\"><\/span><\/p>\n<blockquote>\n<div>&#8220;Die vorliegende Bachelorarbeit befasst sich mit der strukturellen und kulturellen Integration der zweiten Generation der portugiesischen Immigrantinnen und Immigranten in Randa, T\u00e4sch und Zermatt. Die genaue Fragestellung lautet: \u201eWie sieht die strukturelle und kulturelle Integration der portugiesischen Secondas und Secondos im jungen Erwachsenenalter in Randa, T\u00e4sch und Zermatt aus?\u201c Dazu werden verschiedene Hypothesen aufgestellt und sp\u00e4ter untersucht. Im Allgemeinen ist die Arbeit in einen theoretischen und empirischen Teil unterteilt. Der theoretische Teil umfasst Themen wie die portugiesische Migration in der Schweiz bis zum Begriff der Integration. Da dieser ein wichtiger Bestandteil darstellt, wird im N\u00e4heren beleuchtet, was genau die Begr\u00fcndung f\u00fcr die Wahl des Begriffes und wie der Begriff in der neueren Migrationsforschung positioniert ist. Die Integration in Zusammenhang mit den Secondas und Secondos, sowie die politischen Hintergr\u00fcnde werden ebenfalls im theoretischen Teil erl\u00e4utert.&#8221;<\/div>\n<div><\/div>\n<div>\n<div><strong>Schl\u00fcsselw\u00f6rter<\/strong> : Kulturelle Integration, Strukturelle Integration, Secondas und Secondos, Portugal, Wallis (Randa, T\u00e4sch und Zermatt)<\/div>\n<\/div>\n<\/blockquote>\n<div lang=\"de\"><\/div>\n<p><strong>\u00a0<\/strong><\/p>\n<p>&nbsp;<\/p>\n","protected":false},"excerpt":{"rendered":"<p>Author(s) : Evelyne Kalbermatten, Wendy Locher Source : http:\/\/doc.rero.ch\/record\/260609 Abstract:&#8230;<\/p>\n","protected":false},"author":4,"featured_media":0,"comment_status":"open","ping_status":"open","sticky":false,"template":"","format":"standard","meta":{"_kadence_starter_templates_imported_post":false,"_kad_post_transparent":"","_kad_post_title":"","_kad_post_layout":"","_kad_post_sidebar_id":"","_kad_post_content_style":"","_kad_post_vertical_padding":"","_kad_post_feature":"","_kad_post_feature_position":"","_kad_post_header":false,"_kad_post_footer":false,"_kad_post_classname":"","jetpack_post_was_ever_published":false,"_jetpack_newsletter_access":"","_jetpack_dont_email_post_to_subs":false,"_jetpack_newsletter_tier_id":0,"_jetpack_memberships_contains_paywalled_content":false,"_jetpack_memberships_contains_paid_content":false,"footnotes":""},"categories":[24],"tags":[141,292,151,73,140,145,91,369],"class_list":["post-2452","post","type-post","status-publish","format-standard","hentry","category-society-family-racism","tag-141","tag-bachelor-thesis","tag-cultural-identity","tag-german-language","tag-portuguese","tag-second-generation","tag-social-integration","tag-valais"],"jetpack_featured_media_url":"","jetpack_sharing_enabled":true,"_links":{"self":[{"href":"https:\/\/swissmig.unine.ch\/index.php?rest_route=\/wp\/v2\/posts\/2452","targetHints":{"allow":["GET"]}}],"collection":[{"href":"https:\/\/swissmig.unine.ch\/index.php?rest_route=\/wp\/v2\/posts"}],"about":[{"href":"https:\/\/swissmig.unine.ch\/index.php?rest_route=\/wp\/v2\/types\/post"}],"author":[{"embeddable":true,"href":"https:\/\/swissmig.unine.ch\/index.php?rest_route=\/wp\/v2\/users\/4"}],"replies":[{"embeddable":true,"href":"https:\/\/swissmig.unine.ch\/index.php?rest_route=%2Fwp%2Fv2%2Fcomments&post=2452"}],"version-history":[{"count":0,"href":"https:\/\/swissmig.unine.ch\/index.php?rest_route=\/wp\/v2\/posts\/2452\/revisions"}],"wp:attachment":[{"href":"https:\/\/swissmig.unine.ch\/index.php?rest_route=%2Fwp%2Fv2%2Fmedia&parent=2452"}],"wp:term":[{"taxonomy":"category","embeddable":true,"href":"https:\/\/swissmig.unine.ch\/index.php?rest_route=%2Fwp%2Fv2%2Fcategories&post=2452"},{"taxonomy":"post_tag","embeddable":true,"href":"https:\/\/swissmig.unine.ch\/index.php?rest_route=%2Fwp%2Fv2%2Ftags&post=2452"}],"curies":[{"name":"wp","href":"https:\/\/api.w.org\/{rel}","templated":true}]}}