{"id":2446,"date":"2018-10-30T09:27:42","date_gmt":"2018-10-30T08:27:42","guid":{"rendered":"https:\/\/swissmig.wordpress.com\/?p=2446"},"modified":"2018-10-30T09:27:42","modified_gmt":"2018-10-30T08:27:42","slug":"ausgrenzungen-entgegnen-handlungsstrategien-von-migrantinnen-und-migranten-in-ausweisprozessen-im-kanton-genf-um-1900","status":"publish","type":"post","link":"https:\/\/swissmig.unine.ch\/?p=2446","title":{"rendered":"Ausgrenzungen entgegnen : Handlungsstrategien von Migrantinnen und Migranten in Ausweisprozessen im Kanton Genf um 1900"},"content":{"rendered":"<h3>Author(s) : Irma Gadient<\/h3>\n<h3>Source : <a href=\"http:\/\/doi.org\/10.5169\/seals-515039\" target=\"_blank\" rel=\"noopener\">http:\/\/doi.org\/10.5169\/seals-515039<\/a><\/h3>\n<p><strong>Abstract: <\/strong><span id=\"more-2434\"><\/span><\/p>\n<blockquote>\n<div>&#8220;Im April 1901 wandte sich der aus Mantua stammende italienische Staatsangeh\u00f6rige Federico G\u00f6ll schriftlich an den Genfer Staatsrat. Er war zusammen mit seiner f\u00fcnfk\u00f6pfigen Familie von den Genfer Beh\u00f6rden soeben mit einer Ausweisungsverf\u00fcgung belegt worden und versuchtemit einiger Verzweiflung, diese Entscheidung abzuwenden.&#8221;<\/div>\n<\/blockquote>\n<div lang=\"de\"><\/div>\n<p><strong>\u00a0<\/strong><\/p>\n<p>&nbsp;<\/p>\n","protected":false},"excerpt":{"rendered":"<p>Author(s) : Irma Gadient Source : http:\/\/doi.org\/10.5169\/seals-515039 Abstract: &#8220;Im April&#8230;<\/p>\n","protected":false},"author":4,"featured_media":0,"comment_status":"open","ping_status":"open","sticky":false,"template":"","format":"standard","meta":{"_kadence_starter_templates_imported_post":false,"_kad_post_transparent":"","_kad_post_title":"","_kad_post_layout":"","_kad_post_sidebar_id":"","_kad_post_content_style":"","_kad_post_vertical_padding":"","_kad_post_feature":"","_kad_post_feature_position":"","_kad_post_header":false,"_kad_post_footer":false,"_kad_post_classname":"","jetpack_post_was_ever_published":false,"_jetpack_newsletter_access":"","_jetpack_dont_email_post_to_subs":false,"_jetpack_newsletter_tier_id":0,"_jetpack_memberships_contains_paywalled_content":false,"_jetpack_memberships_contains_paid_content":false,"footnotes":""},"categories":[35],"tags":[141,7,8,328,341,73,40,563,175,129],"class_list":["post-2446","post","type-post","status-publish","format-standard","hentry","category-history","tag-141","tag-article","tag-case-study","tag-expulsion","tag-geneva","tag-german-language","tag-immigration-control","tag-immigration-law","tag-italians","tag-law"],"jetpack_featured_media_url":"","jetpack_sharing_enabled":true,"_links":{"self":[{"href":"https:\/\/swissmig.unine.ch\/index.php?rest_route=\/wp\/v2\/posts\/2446","targetHints":{"allow":["GET"]}}],"collection":[{"href":"https:\/\/swissmig.unine.ch\/index.php?rest_route=\/wp\/v2\/posts"}],"about":[{"href":"https:\/\/swissmig.unine.ch\/index.php?rest_route=\/wp\/v2\/types\/post"}],"author":[{"embeddable":true,"href":"https:\/\/swissmig.unine.ch\/index.php?rest_route=\/wp\/v2\/users\/4"}],"replies":[{"embeddable":true,"href":"https:\/\/swissmig.unine.ch\/index.php?rest_route=%2Fwp%2Fv2%2Fcomments&post=2446"}],"version-history":[{"count":0,"href":"https:\/\/swissmig.unine.ch\/index.php?rest_route=\/wp\/v2\/posts\/2446\/revisions"}],"wp:attachment":[{"href":"https:\/\/swissmig.unine.ch\/index.php?rest_route=%2Fwp%2Fv2%2Fmedia&parent=2446"}],"wp:term":[{"taxonomy":"category","embeddable":true,"href":"https:\/\/swissmig.unine.ch\/index.php?rest_route=%2Fwp%2Fv2%2Fcategories&post=2446"},{"taxonomy":"post_tag","embeddable":true,"href":"https:\/\/swissmig.unine.ch\/index.php?rest_route=%2Fwp%2Fv2%2Ftags&post=2446"}],"curies":[{"name":"wp","href":"https:\/\/api.w.org\/{rel}","templated":true}]}}