{"id":2440,"date":"2018-10-22T14:10:48","date_gmt":"2018-10-22T13:10:48","guid":{"rendered":"https:\/\/swissmig.wordpress.com\/?p=2440"},"modified":"2018-10-22T14:10:48","modified_gmt":"2018-10-22T13:10:48","slug":"politique-dasile-et-questions-migratoires","status":"publish","type":"post","link":"https:\/\/swissmig.unine.ch\/?p=2440","title":{"rendered":"Politique d\u2019asile et questions migratoires"},"content":{"rendered":"<h3>Author(s) : Rosita Fibbi<\/h3>\n<h3>Source : <a href=\"http:\/\/journals.openedition.org\/aspd\/482\" target=\"_blank\" rel=\"noopener\">http:\/\/journals.openedition.org\/aspd\/482<\/a><\/h3>\n<p><strong>Abstract: <\/strong><span id=\"more-2434\"><\/span><\/p>\n<blockquote>\n<div>&#8220;En d\u00e9pit de ses dimensions somme toute limit\u00e9es sur le plan quantitatif, la question de l\u2019asile est \u00e0 l\u2019origine d\u2019une intense activit\u00e9 sur le plan politique, avec la r\u00e9vision de la loi, les r\u00e9percussions dans ce domaine du plan d\u2019all\u00e8gement budg\u00e9taire, l\u2019acc\u00e9l\u00e9ration de la proc\u00e9dure et l\u2019\u00e9largissement du principe de l\u2019Etat tiers. La loi sur les \u00e9trangers et la loi sur la naturalisation, mises en route dans les ann\u00e9es pr\u00e9c\u00e9dentes, n\u2019ont pas encore achev\u00e9 leur parcours institutionnel. On enregistre cette ann\u00e9e l\u2019entr\u00e9e du pouvoir judiciaire dans le large d\u00e9bat public avec un jugement retentissant affirmant le principe de non-discrimination envers les \u00e9trangers en mati\u00e8re de naturalisation. Le changement de climat politique cons\u00e9cutif aux \u00e9lections dessine de nouveaux rapports de force au Parlement et au Conseil f\u00e9d\u00e9ral qui laissent augurer une radicalisation de la politique d\u2019asile en particulier et de la politique de migration en g\u00e9n\u00e9ral.&#8221;<\/div>\n<\/blockquote>\n<p><strong>\u00a0<\/strong><\/p>\n<p>&nbsp;<\/p>\n","protected":false},"excerpt":{"rendered":"<p>Author(s) : Rosita Fibbi Source : http:\/\/journals.openedition.org\/aspd\/482 Abstract: &#8220;En d\u00e9pit&#8230;<\/p>\n","protected":false},"author":4,"featured_media":0,"comment_status":"open","ping_status":"open","sticky":false,"template":"","format":"standard","meta":{"_kadence_starter_templates_imported_post":false,"_kad_post_transparent":"","_kad_post_title":"","_kad_post_layout":"","_kad_post_sidebar_id":"","_kad_post_content_style":"","_kad_post_vertical_padding":"","_kad_post_feature":"","_kad_post_feature_position":"","_kad_post_header":false,"_kad_post_footer":false,"_kad_post_classname":"","jetpack_post_was_ever_published":false,"_jetpack_newsletter_access":"","_jetpack_dont_email_post_to_subs":false,"_jetpack_newsletter_tier_id":0,"_jetpack_memberships_contains_paywalled_content":false,"_jetpack_memberships_contains_paid_content":false,"footnotes":""},"categories":[12],"tags":[85,7,49,82,52,387,129,36,11,327],"class_list":["post-2440","post","type-post","status-publish","format-standard","hentry","category-politics","tag-85","tag-article","tag-asylum-policy","tag-ethnic-discrimination","tag-french-language","tag-integration-policy","tag-law","tag-migration-policy","tag-political-parties","tag-research"],"jetpack_featured_media_url":"","jetpack_sharing_enabled":true,"_links":{"self":[{"href":"https:\/\/swissmig.unine.ch\/index.php?rest_route=\/wp\/v2\/posts\/2440","targetHints":{"allow":["GET"]}}],"collection":[{"href":"https:\/\/swissmig.unine.ch\/index.php?rest_route=\/wp\/v2\/posts"}],"about":[{"href":"https:\/\/swissmig.unine.ch\/index.php?rest_route=\/wp\/v2\/types\/post"}],"author":[{"embeddable":true,"href":"https:\/\/swissmig.unine.ch\/index.php?rest_route=\/wp\/v2\/users\/4"}],"replies":[{"embeddable":true,"href":"https:\/\/swissmig.unine.ch\/index.php?rest_route=%2Fwp%2Fv2%2Fcomments&post=2440"}],"version-history":[{"count":0,"href":"https:\/\/swissmig.unine.ch\/index.php?rest_route=\/wp\/v2\/posts\/2440\/revisions"}],"wp:attachment":[{"href":"https:\/\/swissmig.unine.ch\/index.php?rest_route=%2Fwp%2Fv2%2Fmedia&parent=2440"}],"wp:term":[{"taxonomy":"category","embeddable":true,"href":"https:\/\/swissmig.unine.ch\/index.php?rest_route=%2Fwp%2Fv2%2Fcategories&post=2440"},{"taxonomy":"post_tag","embeddable":true,"href":"https:\/\/swissmig.unine.ch\/index.php?rest_route=%2Fwp%2Fv2%2Ftags&post=2440"}],"curies":[{"name":"wp","href":"https:\/\/api.w.org\/{rel}","templated":true}]}}